{"id":264154,"date":"2026-01-27T14:06:01","date_gmt":"2026-01-27T13:06:01","guid":{"rendered":"https:\/\/effectus.com.hr\/?p=264154"},"modified":"2026-01-27T14:12:37","modified_gmt":"2026-01-27T13:12:37","slug":"digitalne-vjestine-medunarodno-iskustvo-i-erasmus-prijave-za-beograd-do-1-veljace","status":"publish","type":"post","link":"https:\/\/effectus.com.hr\/en\/digitalne-vjestine-medunarodno-iskustvo-i-erasmus-prijave-za-beograd-do-1-veljace\/","title":{"rendered":"Digital Skills, International Experience, and Erasmus+: Applications for Belgrade Open Until February 1"},"content":{"rendered":"<p>[et_pb_section fb_built=&#8221;1&#8243; disabled_on=&#8221;off|off|off&#8221; _builder_version=&#8221;4.16&#8243; _module_preset=&#8221;default&#8221; background_color=&#8221;#777a7e&#8221; background_image=&#8221;https:\/\/effectus.com.hr\/wp-content\/uploads\/2021\/09\/shutterstock_1896527446-Copy.jpg&#8221; z_index=&#8221;99999999&#8243; custom_margin_tablet=&#8221;&#8221; custom_margin_phone=&#8221;-50px||-25px||false|false&#8221; custom_margin_last_edited=&#8221;on|phone&#8221; custom_padding=&#8221;20px||20px||true|false&#8221; saved_tabs=&#8221;all&#8221; global_colors_info=&#8221;{}&#8221;][\/et_pb_section][et_pb_section fb_built=&#8221;1&#8243; module_class=&#8221;eff-novosti&#8221; _builder_version=&#8221;4.16&#8243; global_colors_info=&#8221;{}&#8221;][et_pb_row column_structure=&#8221;2_3,1_3&#8243; _builder_version=&#8221;4.16&#8243; background_size=&#8221;initial&#8221; background_position=&#8221;top_left&#8221; background_repeat=&#8221;repeat&#8221; global_colors_info=&#8221;{}&#8221;][et_pb_column type=&#8221;2_3&#8243; _builder_version=&#8221;4.16&#8243; custom_padding=&#8221;|25px|||false|false&#8221; border_width_right=&#8221;1px&#8221; border_color_right=&#8221;#cccccc&#8221; global_colors_info=&#8221;{}&#8221; custom_padding__hover=&#8221;|||&#8221;][et_pb_post_title meta=&#8221;off&#8221; featured_image=&#8221;off&#8221; admin_label=&#8221;Naslov&#8221; _builder_version=&#8221;4.25.1&#8243; _module_preset=&#8221;default&#8221; title_text_color=&#8221;#333333&#8243; title_line_height=&#8221;1.5em&#8221; saved_tabs=&#8221;all&#8221; global_colors_info=&#8221;{}&#8221;][\/et_pb_post_title][et_pb_text _builder_version=&#8221;4.25.1&#8243; background_size=&#8221;initial&#8221; background_position=&#8221;top_left&#8221; background_repeat=&#8221;repeat&#8221; hover_enabled=&#8221;0&#8243; global_colors_info=&#8221;{}&#8221; sticky_enabled=&#8221;0&#8243;]<\/p>\n<p data-start=\"192\" data-end=\"518\">EFFECTUS University of Applied Sciences invites its students to participate in the <strong data-start=\"275\" data-end=\"310\">International Week for Students<\/strong>, entitled <em data-start=\"321\" data-end=\"375\">\u201cBoosting Digital Skills in Education and Business,\u201d<\/em> which will take place from <strong data-start=\"403\" data-end=\"427\">May 4 to May 8, 2026<\/strong>, in <strong data-start=\"432\" data-end=\"444\">Belgrade<\/strong>, organized by the <strong data-start=\"463\" data-end=\"517\">Faculty of Business Economics and Entrepreneurship<\/strong>.<\/p>\n<p data-start=\"520\" data-end=\"788\">This international program enables students to develop digital competencies, exchange knowledge and experiences with peers from different countries, and take part in interactive workshops, lectures, and project-based learning focused on real-world business challenges.<\/p>\n<p data-start=\"790\" data-end=\"1289\">The program consists of a <strong data-start=\"816\" data-end=\"837\">virtual component<\/strong>, to be held on <strong data-start=\"853\" data-end=\"871\">April 17, 2026<\/strong>, lasting two hours, and a <strong data-start=\"898\" data-end=\"919\">physical mobility<\/strong> in Belgrade from <strong data-start=\"937\" data-end=\"961\">May 4 to May 8, 2026<\/strong>. During their stay in Serbia, students will participate in lectures and workshops, study visits to institutions related to digital skills in business, team projects, and analyses of real business cases, as well as a final knowledge assessment. The program also includes organized city tours and visits to cultural institutions.<\/p>\n<p data-start=\"1291\" data-end=\"1755\">By participating in the program, students will earn <strong data-start=\"1343\" data-end=\"1361\">3 ECTS credits<\/strong>, and the mobility will be carried out within the framework of the <strong data-start=\"1428\" data-end=\"1448\">Erasmus+ program<\/strong>. A maximum of <strong data-start=\"1463\" data-end=\"1480\">five students<\/strong> will receive Erasmus+ funding covering travel, accommodation, and subsistence costs. The organizer will provide <strong data-start=\"1593\" data-end=\"1621\">one meal per day (lunch)<\/strong>, coffee breaks during lectures and workshops, teaching materials, access to equipment, and the costs related to the cultural program.<\/p>\n<p data-start=\"1757\" data-end=\"2024\">Applications are open to students nominated by their home institution. Interested students are required to contact the Erasmus coordinator for information on the application and nomination procedure. Applications are accepted via email at <em><strong data-start=\"1996\" data-end=\"2023\"><a class=\"decorated-link cursor-pointer\" rel=\"noopener\" data-start=\"1998\" data-end=\"2021\">erasmus@effectus.com.hr<\/a><\/strong>.<\/em><\/p>\n<p data-start=\"2026\" data-end=\"2331\">The application deadline for students at EFFECTUS University of Applied Sciences is <strong data-start=\"2110\" data-end=\"2130\">February 1, 2026<\/strong>, while the deadline for official nominations from partner institutions is <strong data-start=\"2205\" data-end=\"2223\">March 15, 2026<\/strong>. The number of available places is limited; therefore, students are encouraged to apply in a timely manner.<\/p>\n<p data-start=\"2333\" data-end=\"2449\">For additional information, students may contact the Erasmus coordinator at EFFECTUS University of Applied Sciences.<\/p>\n<p data-start=\"2333\" data-end=\"2449\">\n<h5 data-start=\"2451\" data-end=\"2487\"><em><strong><a href=\"https:\/\/effectus.com.hr\/wp-content\/uploads\/2026\/01\/Students-International-Week-2026.pdf\" rel=\"attachment wp-att-264151\">Students International Week 2026<\/a><\/strong><\/em><\/h5>\n<p>[\/et_pb_text][et_pb_image src=&#8221;https:\/\/effectus.com.hr\/wp-content\/uploads\/2026\/01\/2-2.png&#8221; title_text=&#8221;2&#8243; _builder_version=&#8221;4.25.1&#8243; _module_preset=&#8221;default&#8221; hover_enabled=&#8221;0&#8243; global_colors_info=&#8221;{}&#8221; sticky_enabled=&#8221;0&#8243;][\/et_pb_image][\/et_pb_column][et_pb_column type=&#8221;1_3&#8243; _builder_version=&#8221;4.16&#8243; custom_padding=&#8221;|||&#8221; global_colors_info=&#8221;{}&#8221; custom_padding__hover=&#8221;|||&#8221;][et_pb_text _builder_version=&#8221;4.16&#8243; _module_preset=&#8221;default&#8221; text_font=&#8221;|700|||||||&#8221; text_font_size=&#8221;23px&#8221; width=&#8221;91%&#8221; custom_margin=&#8221;||14px|||&#8221; custom_padding=&#8221;||15px||false|false&#8221; border_width_bottom=&#8221;1px&#8221; border_color_bottom=&#8221;#cccccc&#8221; saved_tabs=&#8221;all&#8221; global_colors_info=&#8221;{}&#8221;]<\/p>\n<p>POSTANI NA\u0160 STUDENT<\/p>\n<p>[\/et_pb_text][et_pb_text _builder_version=&#8221;4.16&#8243; _module_preset=&#8221;default&#8221; text_font=&#8221;||||||||&#8221; text_text_color=&#8221;#0065b3&#8243; text_font_size=&#8221;18px&#8221; text_line_height=&#8221;1.6em&#8221; width=&#8221;91%&#8221; custom_padding=&#8221;||47px|||&#8221; saved_tabs=&#8221;all&#8221; global_colors_info=&#8221;{}&#8221;]<\/p>\n<p>Ispuni obrazac i kontaktirat \u0107emo te za vi\u0161e informacija<\/p>\n\n<div class=\"wpcf7 no-js\" id=\"wpcf7-f221-o1\" lang=\"hr\" dir=\"ltr\">\n<div class=\"screen-reader-response\"><p role=\"status\" aria-live=\"polite\" aria-atomic=\"true\"><\/p> <ul><\/ul><\/div>\n<form action=\"\/en\/wp-json\/wp\/v2\/posts\/264154#wpcf7-f221-o1\" method=\"post\" class=\"wpcf7-form init\" aria-label=\"Kontakt obrazac\" novalidate=\"novalidate\" data-status=\"init\">\n<div style=\"display: none;\">\n<input type=\"hidden\" name=\"_wpcf7\" value=\"221\" \/>\n<input type=\"hidden\" name=\"_wpcf7_version\" value=\"5.9.4\" \/>\n<input type=\"hidden\" name=\"_wpcf7_locale\" value=\"hr\" \/>\n<input type=\"hidden\" name=\"_wpcf7_unit_tag\" value=\"wpcf7-f221-o1\" \/>\n<input type=\"hidden\" name=\"_wpcf7_container_post\" value=\"0\" \/>\n<input type=\"hidden\" name=\"_wpcf7_posted_data_hash\" value=\"\" \/>\n<input type=\"hidden\" name=\"_wpcf7_recaptcha_response\" value=\"\" \/>\n<\/div>\n<p><span class=\"wpcf7-form-control-wrap\" data-name=\"your-name\"><input size=\"40\" class=\"wpcf7-form-control wpcf7-text wpcf7-validates-as-required\" aria-required=\"true\" aria-invalid=\"false\" placeholder=\"Ime i prezime\" value=\"\" type=\"text\" name=\"your-name\" \/><\/span>\n<\/p>\n<p><br \/>\n<span class=\"wpcf7-form-control-wrap\" data-name=\"your-email\"><input size=\"40\" class=\"wpcf7-form-control wpcf7-email wpcf7-validates-as-required wpcf7-text wpcf7-validates-as-email\" aria-required=\"true\" aria-invalid=\"false\" placeholder=\"Email\" value=\"\" type=\"email\" name=\"your-email\" \/><\/span>\n<\/p>\n<p><br \/>\n<span class=\"wpcf7-form-control-wrap\" data-name=\"text-625\"><input size=\"40\" class=\"wpcf7-form-control wpcf7-text\" aria-invalid=\"false\" placeholder=\"Telefon\" value=\"\" type=\"text\" name=\"text-625\" \/><\/span>\n<\/p>\n<p><br \/>\n<span class=\"wpcf7-form-control-wrap\" data-name=\"your-message\"><textarea cols=\"40\" rows=\"10\" class=\"wpcf7-form-control wpcf7-textarea\" aria-invalid=\"false\" placeholder=\"Poruka\" name=\"your-message\"><\/textarea><\/span>\n<\/p>\n<p>Predajom\/slanjem ove prijave dajem svoju suglasnost EFFECTUS da u njoj navedene osobne podatke prikuplja, obra\u0111uje i pohranjuje u svrhu provedbe predmetne prijave, upisa na studij, u svrhu kontaktiranja, u svrhu sklapanja ugovora. Potvr\u0111ujem da sam prije slanja prijave upoznat\/a sa svojim pravima i ostalim postupanjima u odnosu na prikupljanje, obradu, objavu i pohranu mojih osobnih podataka u predmetne svrhe, kao i sa upravljanje privolama, te da \u0107e biti za\u0161ti\u0107eni od pristupa neovla\u0161tenih osoba, te pohranjeni na sigurno mjesto i \u010duvani u skladu s uvjetima i rokovima predvi\u0111enim zakonskim propisima, aktima i odlukama EFFECTUS-a. Potvr\u0111ujem da sam upoznat\/a da svoja prava i postupanja u odnosu na moje osobne podatke mogu vidjeti i na web stranici <a href=\"https:\/\/effectus.com.hr\/politika-privatnosti\/\">https:\/\/effectus.com.hr\/politika-privatnosti\/.<\/a>\n<\/p>\n<p>\n<span class=\"wpcf7-form-control-wrap recaptcha\" data-name=\"recaptcha\"><span data-sitekey=\"6LdUiQYqAAAAAFL9ow_BRLvXuhg1V3tSJnNxSHc_\" class=\"wpcf7-form-control wpcf7-recaptcha g-recaptcha\"><\/span>\r\n<noscript>\r\n\t<div class=\"grecaptcha-noscript\">\r\n\t\t<iframe loading=\"lazy\" src=\"https:\/\/www.google.com\/recaptcha\/api\/fallback?k=6LdUiQYqAAAAAFL9ow_BRLvXuhg1V3tSJnNxSHc_\" frameborder=\"0\" scrolling=\"no\" width=\"310\" height=\"430\">\r\n\t\t<\/iframe>\r\n\t\t<textarea name=\"g-recaptcha-response\" rows=\"3\" cols=\"40\" placeholder=\"reCaptcha Response Here\">\r\n\t\t<\/textarea>\r\n\t<\/div>\r\n<\/noscript>\r\n<\/span>\n<\/p>\n<p><input class=\"wpcf7-form-control wpcf7-submit has-spinner\" type=\"submit\" value=\"Po\u0161alji\" \/>\n<\/p><div class=\"wpcf7-response-output\" aria-hidden=\"true\"><\/div>\n<\/form>\n<\/div>\n\n<p>[\/et_pb_text][et_pb_sidebar area=&#8221;et_pb_widget_area_1&#8243; _builder_version=&#8221;4.16&#8243; _module_preset=&#8221;default&#8221; custom_margin=&#8221;||75px||false|false&#8221; saved_tabs=&#8221;all&#8221; global_colors_info=&#8221;{}&#8221;][\/et_pb_sidebar][et_pb_text _builder_version=&#8221;4.16&#8243; _module_preset=&#8221;default&#8221; text_font=&#8221;|700|||||||&#8221; text_font_size=&#8221;23px&#8221; width=&#8221;91%&#8221; custom_margin=&#8221;||14px|||&#8221; custom_padding=&#8221;||15px||false|false&#8221; border_width_bottom=&#8221;1px&#8221; border_color_bottom=&#8221;#cccccc&#8221; global_colors_info=&#8221;{}&#8221;]<\/p>\n<p>PRATI NAS<\/p>\n<p>[\/et_pb_text][et_pb_social_media_follow _builder_version=&#8221;4.16&#8243; _module_preset=&#8221;default&#8221; saved_tabs=&#8221;all&#8221; global_colors_info=&#8221;{}&#8221;][et_pb_social_media_follow_network social_network=&#8221;facebook&#8221; url=&#8221;https:\/\/www.facebook.com\/effectus.studij\/&#8221; _builder_version=&#8221;4.16&#8243; _module_preset=&#8221;default&#8221; background_color=&#8221;#3b5998&#8243; global_colors_info=&#8221;{}&#8221; follow_button=&#8221;off&#8221; url_new_window=&#8221;on&#8221;]facebook[\/et_pb_social_media_follow_network][et_pb_social_media_follow_network social_network=&#8221;instagram&#8221; url=&#8221;https:\/\/www.instagram.com\/effectus.poduzetnicki.studiji\/&#8221; _builder_version=&#8221;4.16&#8243; _module_preset=&#8221;default&#8221; background_color=&#8221;#ea2c59&#8243; global_colors_info=&#8221;{}&#8221; follow_button=&#8221;off&#8221; url_new_window=&#8221;on&#8221;]instagram[\/et_pb_social_media_follow_network][et_pb_social_media_follow_network social_network=&#8221;linkedin&#8221; url=&#8221;https:\/\/hr.linkedin.com\/school\/effectus-university-college-for-law-and-finance\/&#8221; _builder_version=&#8221;4.16&#8243; _module_preset=&#8221;default&#8221; background_color=&#8221;#007bb6&#8243; global_colors_info=&#8221;{}&#8221; follow_button=&#8221;off&#8221; url_new_window=&#8221;on&#8221;]linkedin[\/et_pb_social_media_follow_network][et_pb_social_media_follow_network social_network=&#8221;youtube&#8221; url=&#8221;https:\/\/www.youtube.com\/user\/EFFECTUSTV&#8221; _builder_version=&#8221;4.16&#8243; _module_preset=&#8221;default&#8221; background_color=&#8221;#a82400&#8243; global_colors_info=&#8221;{}&#8221; follow_button=&#8221;off&#8221; url_new_window=&#8221;on&#8221;]youtube[\/et_pb_social_media_follow_network][\/et_pb_social_media_follow][\/et_pb_column][\/et_pb_row][\/et_pb_section]<\/p>\n","protected":false},"excerpt":{"rendered":"<p>EFFECTUS University of Applied Sciences invites its students to participate in the International Week for Students, entitled \u201cBoosting Digital Skills in Education and Business,\u201d which will take place from May 4 to May 8, 2026, in Belgrade, organized by the Faculty of Business Economics and Entrepreneurship. This international program enables students to develop digital competencies, [&hellip;]<\/p>\n","protected":false},"author":14,"featured_media":264165,"comment_status":"closed","ping_status":"closed","sticky":false,"template":"","format":"standard","meta":{"_et_pb_use_builder":"on","_et_pb_old_content":"","_et_gb_content_width":"","footnotes":""},"categories":[71,70,41],"tags":[],"yoast_head":"<!-- This site is optimized with the Yoast SEO plugin v22.7 - https:\/\/yoast.com\/wordpress\/plugins\/seo\/ -->\n<title>Digital Skills, International Experience, and Erasmus+: Applications for Belgrade Open Until February 1 - EFFECTUS veleu\u010dili\u0161te<\/title>\n<meta name=\"robots\" content=\"index, follow, max-snippet:-1, max-image-preview:large, max-video-preview:-1\" \/>\n<link rel=\"canonical\" href=\"https:\/\/effectus.com.hr\/en\/digitalne-vjestine-medunarodno-iskustvo-i-erasmus-prijave-za-beograd-do-1-veljace\/\" \/>\n<meta property=\"og:locale\" content=\"en_US\" \/>\n<meta property=\"og:type\" content=\"article\" \/>\n<meta property=\"og:title\" content=\"Digital Skills, International Experience, and Erasmus+: Applications for Belgrade Open Until February 1 - EFFECTUS veleu\u010dili\u0161te\" \/>\n<meta property=\"og:description\" content=\"EFFECTUS University of Applied Sciences invites its students to participate in the International Week for Students, entitled \u201cBoosting Digital Skills in Education and Business,\u201d which will take place from May 4 to May 8, 2026, in Belgrade, organized by the Faculty of Business Economics and Entrepreneurship. This international program enables students to develop digital competencies, [&hellip;]\" \/>\n<meta property=\"og:url\" content=\"https:\/\/effectus.com.hr\/en\/digitalne-vjestine-medunarodno-iskustvo-i-erasmus-prijave-za-beograd-do-1-veljace\/\" \/>\n<meta property=\"og:site_name\" content=\"EFFECTUS veleu\u010dili\u0161te\" \/>\n<meta property=\"article:published_time\" content=\"2026-01-27T13:06:01+00:00\" \/>\n<meta property=\"article:modified_time\" content=\"2026-01-27T13:12:37+00:00\" \/>\n<meta property=\"og:image\" content=\"https:\/\/effectus.com.hr\/wp-content\/uploads\/2026\/01\/2-2.png\" \/>\n\t<meta property=\"og:image:width\" content=\"940\" \/>\n\t<meta property=\"og:image:height\" content=\"788\" \/>\n\t<meta property=\"og:image:type\" content=\"image\/png\" \/>\n<meta name=\"author\" content=\"Klara Dumbovi\u0107\" \/>\n<meta name=\"twitter:card\" content=\"summary_large_image\" \/>\n<meta name=\"twitter:label1\" content=\"Written by\" \/>\n\t<meta name=\"twitter:data1\" content=\"Klara Dumbovi\u0107\" \/>\n\t<meta name=\"twitter:label2\" content=\"Est. reading time\" \/>\n\t<meta name=\"twitter:data2\" content=\"3 minutes\" \/>\n<script type=\"application\/ld+json\" class=\"yoast-schema-graph\">{\"@context\":\"https:\/\/schema.org\",\"@graph\":[{\"@type\":\"WebPage\",\"@id\":\"https:\/\/effectus.com.hr\/en\/digitalne-vjestine-medunarodno-iskustvo-i-erasmus-prijave-za-beograd-do-1-veljace\/\",\"url\":\"https:\/\/effectus.com.hr\/en\/digitalne-vjestine-medunarodno-iskustvo-i-erasmus-prijave-za-beograd-do-1-veljace\/\",\"name\":\"Digital Skills, International Experience, and Erasmus+: Applications for Belgrade Open Until February 1 - EFFECTUS veleu\u010dili\u0161te\",\"isPartOf\":{\"@id\":\"https:\/\/effectus.com.hr\/#website\"},\"primaryImageOfPage\":{\"@id\":\"https:\/\/effectus.com.hr\/en\/digitalne-vjestine-medunarodno-iskustvo-i-erasmus-prijave-za-beograd-do-1-veljace\/#primaryimage\"},\"image\":{\"@id\":\"https:\/\/effectus.com.hr\/en\/digitalne-vjestine-medunarodno-iskustvo-i-erasmus-prijave-za-beograd-do-1-veljace\/#primaryimage\"},\"thumbnailUrl\":\"https:\/\/effectus.com.hr\/wp-content\/uploads\/2026\/01\/2-2.png\",\"datePublished\":\"2026-01-27T13:06:01+00:00\",\"dateModified\":\"2026-01-27T13:12:37+00:00\",\"author\":{\"@id\":\"https:\/\/effectus.com.hr\/#\/schema\/person\/e3d600b3d55633e6ff0d3d8ee76cca57\"},\"breadcrumb\":{\"@id\":\"https:\/\/effectus.com.hr\/en\/digitalne-vjestine-medunarodno-iskustvo-i-erasmus-prijave-za-beograd-do-1-veljace\/#breadcrumb\"},\"inLanguage\":\"en-US\",\"potentialAction\":[{\"@type\":\"ReadAction\",\"target\":[\"https:\/\/effectus.com.hr\/en\/digitalne-vjestine-medunarodno-iskustvo-i-erasmus-prijave-za-beograd-do-1-veljace\/\"]}]},{\"@type\":\"ImageObject\",\"inLanguage\":\"en-US\",\"@id\":\"https:\/\/effectus.com.hr\/en\/digitalne-vjestine-medunarodno-iskustvo-i-erasmus-prijave-za-beograd-do-1-veljace\/#primaryimage\",\"url\":\"https:\/\/effectus.com.hr\/wp-content\/uploads\/2026\/01\/2-2.png\",\"contentUrl\":\"https:\/\/effectus.com.hr\/wp-content\/uploads\/2026\/01\/2-2.png\",\"width\":940,\"height\":788},{\"@type\":\"BreadcrumbList\",\"@id\":\"https:\/\/effectus.com.hr\/en\/digitalne-vjestine-medunarodno-iskustvo-i-erasmus-prijave-za-beograd-do-1-veljace\/#breadcrumb\",\"itemListElement\":[{\"@type\":\"ListItem\",\"position\":1,\"name\":\"Po\u010detna\",\"item\":\"https:\/\/effectus.com.hr\/en\/\"},{\"@type\":\"ListItem\",\"position\":2,\"name\":\"Digital Skills, International Experience, and Erasmus+: Applications for Belgrade Open Until February 1\"}]},{\"@type\":\"WebSite\",\"@id\":\"https:\/\/effectus.com.hr\/#website\",\"url\":\"https:\/\/effectus.com.hr\/\",\"name\":\"EFFECTUS veleu\u010dili\u0161te\",\"description\":\"\",\"potentialAction\":[{\"@type\":\"SearchAction\",\"target\":{\"@type\":\"EntryPoint\",\"urlTemplate\":\"https:\/\/effectus.com.hr\/?s={search_term_string}\"},\"query-input\":\"required name=search_term_string\"}],\"inLanguage\":\"en-US\"},{\"@type\":\"Person\",\"@id\":\"https:\/\/effectus.com.hr\/#\/schema\/person\/e3d600b3d55633e6ff0d3d8ee76cca57\",\"name\":\"Klara Dumbovi\u0107\",\"image\":{\"@type\":\"ImageObject\",\"inLanguage\":\"en-US\",\"@id\":\"https:\/\/effectus.com.hr\/#\/schema\/person\/image\/\",\"url\":\"https:\/\/secure.gravatar.com\/avatar\/9d3729bae98d5a1ea4ec81999dfc6e13?s=96&d=mm&r=g\",\"contentUrl\":\"https:\/\/secure.gravatar.com\/avatar\/9d3729bae98d5a1ea4ec81999dfc6e13?s=96&d=mm&r=g\",\"caption\":\"Klara Dumbovi\u0107\"},\"url\":\"https:\/\/effectus.com.hr\/en\/author\/kdumbovic\/\"}]}<\/script>\n<!-- \/ Yoast SEO plugin. -->","yoast_head_json":{"title":"Digital Skills, International Experience, and Erasmus+: Applications for Belgrade Open Until February 1 - EFFECTUS veleu\u010dili\u0161te","robots":{"index":"index","follow":"follow","max-snippet":"max-snippet:-1","max-image-preview":"max-image-preview:large","max-video-preview":"max-video-preview:-1"},"canonical":"https:\/\/effectus.com.hr\/en\/digitalne-vjestine-medunarodno-iskustvo-i-erasmus-prijave-za-beograd-do-1-veljace\/","og_locale":"en_US","og_type":"article","og_title":"Digital Skills, International Experience, and Erasmus+: Applications for Belgrade Open Until February 1 - EFFECTUS veleu\u010dili\u0161te","og_description":"EFFECTUS University of Applied Sciences invites its students to participate in the International Week for Students, entitled \u201cBoosting Digital Skills in Education and Business,\u201d which will take place from May 4 to May 8, 2026, in Belgrade, organized by the Faculty of Business Economics and Entrepreneurship. This international program enables students to develop digital competencies, [&hellip;]","og_url":"https:\/\/effectus.com.hr\/en\/digitalne-vjestine-medunarodno-iskustvo-i-erasmus-prijave-za-beograd-do-1-veljace\/","og_site_name":"EFFECTUS veleu\u010dili\u0161te","article_published_time":"2026-01-27T13:06:01+00:00","article_modified_time":"2026-01-27T13:12:37+00:00","og_image":[{"width":940,"height":788,"url":"https:\/\/effectus.com.hr\/wp-content\/uploads\/2026\/01\/2-2.png","type":"image\/png"}],"author":"Klara Dumbovi\u0107","twitter_card":"summary_large_image","twitter_misc":{"Written by":"Klara Dumbovi\u0107","Est. reading time":"3 minutes"},"schema":{"@context":"https:\/\/schema.org","@graph":[{"@type":"WebPage","@id":"https:\/\/effectus.com.hr\/en\/digitalne-vjestine-medunarodno-iskustvo-i-erasmus-prijave-za-beograd-do-1-veljace\/","url":"https:\/\/effectus.com.hr\/en\/digitalne-vjestine-medunarodno-iskustvo-i-erasmus-prijave-za-beograd-do-1-veljace\/","name":"Digital Skills, International Experience, and Erasmus+: Applications for Belgrade Open Until February 1 - EFFECTUS veleu\u010dili\u0161te","isPartOf":{"@id":"https:\/\/effectus.com.hr\/#website"},"primaryImageOfPage":{"@id":"https:\/\/effectus.com.hr\/en\/digitalne-vjestine-medunarodno-iskustvo-i-erasmus-prijave-za-beograd-do-1-veljace\/#primaryimage"},"image":{"@id":"https:\/\/effectus.com.hr\/en\/digitalne-vjestine-medunarodno-iskustvo-i-erasmus-prijave-za-beograd-do-1-veljace\/#primaryimage"},"thumbnailUrl":"https:\/\/effectus.com.hr\/wp-content\/uploads\/2026\/01\/2-2.png","datePublished":"2026-01-27T13:06:01+00:00","dateModified":"2026-01-27T13:12:37+00:00","author":{"@id":"https:\/\/effectus.com.hr\/#\/schema\/person\/e3d600b3d55633e6ff0d3d8ee76cca57"},"breadcrumb":{"@id":"https:\/\/effectus.com.hr\/en\/digitalne-vjestine-medunarodno-iskustvo-i-erasmus-prijave-za-beograd-do-1-veljace\/#breadcrumb"},"inLanguage":"en-US","potentialAction":[{"@type":"ReadAction","target":["https:\/\/effectus.com.hr\/en\/digitalne-vjestine-medunarodno-iskustvo-i-erasmus-prijave-za-beograd-do-1-veljace\/"]}]},{"@type":"ImageObject","inLanguage":"en-US","@id":"https:\/\/effectus.com.hr\/en\/digitalne-vjestine-medunarodno-iskustvo-i-erasmus-prijave-za-beograd-do-1-veljace\/#primaryimage","url":"https:\/\/effectus.com.hr\/wp-content\/uploads\/2026\/01\/2-2.png","contentUrl":"https:\/\/effectus.com.hr\/wp-content\/uploads\/2026\/01\/2-2.png","width":940,"height":788},{"@type":"BreadcrumbList","@id":"https:\/\/effectus.com.hr\/en\/digitalne-vjestine-medunarodno-iskustvo-i-erasmus-prijave-za-beograd-do-1-veljace\/#breadcrumb","itemListElement":[{"@type":"ListItem","position":1,"name":"Po\u010detna","item":"https:\/\/effectus.com.hr\/en\/"},{"@type":"ListItem","position":2,"name":"Digital Skills, International Experience, and Erasmus+: Applications for Belgrade Open Until February 1"}]},{"@type":"WebSite","@id":"https:\/\/effectus.com.hr\/#website","url":"https:\/\/effectus.com.hr\/","name":"EFFECTUS veleu\u010dili\u0161te","description":"","potentialAction":[{"@type":"SearchAction","target":{"@type":"EntryPoint","urlTemplate":"https:\/\/effectus.com.hr\/?s={search_term_string}"},"query-input":"required name=search_term_string"}],"inLanguage":"en-US"},{"@type":"Person","@id":"https:\/\/effectus.com.hr\/#\/schema\/person\/e3d600b3d55633e6ff0d3d8ee76cca57","name":"Klara Dumbovi\u0107","image":{"@type":"ImageObject","inLanguage":"en-US","@id":"https:\/\/effectus.com.hr\/#\/schema\/person\/image\/","url":"https:\/\/secure.gravatar.com\/avatar\/9d3729bae98d5a1ea4ec81999dfc6e13?s=96&d=mm&r=g","contentUrl":"https:\/\/secure.gravatar.com\/avatar\/9d3729bae98d5a1ea4ec81999dfc6e13?s=96&d=mm&r=g","caption":"Klara Dumbovi\u0107"},"url":"https:\/\/effectus.com.hr\/en\/author\/kdumbovic\/"}]}},"_links":{"self":[{"href":"https:\/\/effectus.com.hr\/en\/wp-json\/wp\/v2\/posts\/264154"}],"collection":[{"href":"https:\/\/effectus.com.hr\/en\/wp-json\/wp\/v2\/posts"}],"about":[{"href":"https:\/\/effectus.com.hr\/en\/wp-json\/wp\/v2\/types\/post"}],"author":[{"embeddable":true,"href":"https:\/\/effectus.com.hr\/en\/wp-json\/wp\/v2\/users\/14"}],"replies":[{"embeddable":true,"href":"https:\/\/effectus.com.hr\/en\/wp-json\/wp\/v2\/comments?post=264154"}],"version-history":[{"count":3,"href":"https:\/\/effectus.com.hr\/en\/wp-json\/wp\/v2\/posts\/264154\/revisions"}],"predecessor-version":[{"id":264168,"href":"https:\/\/effectus.com.hr\/en\/wp-json\/wp\/v2\/posts\/264154\/revisions\/264168"}],"wp:featuredmedia":[{"embeddable":true,"href":"https:\/\/effectus.com.hr\/en\/wp-json\/wp\/v2\/media\/264165"}],"wp:attachment":[{"href":"https:\/\/effectus.com.hr\/en\/wp-json\/wp\/v2\/media?parent=264154"}],"wp:term":[{"taxonomy":"category","embeddable":true,"href":"https:\/\/effectus.com.hr\/en\/wp-json\/wp\/v2\/categories?post=264154"},{"taxonomy":"post_tag","embeddable":true,"href":"https:\/\/effectus.com.hr\/en\/wp-json\/wp\/v2\/tags?post=264154"}],"curies":[{"name":"wp","href":"https:\/\/api.w.org\/{rel}","templated":true}]}}