{"id":264582,"date":"2026-03-06T12:40:23","date_gmt":"2026-03-06T11:40:23","guid":{"rendered":"https:\/\/effectus.com.hr\/?p=264582"},"modified":"2026-03-06T12:46:09","modified_gmt":"2026-03-06T11:46:09","slug":"obavijest-o-raspisivanju-izbora-za-studentski-zbor","status":"publish","type":"post","link":"https:\/\/effectus.com.hr\/en\/obavijest-o-raspisivanju-izbora-za-studentski-zbor\/","title":{"rendered":"Notice on the Announcement of Elections for the Student Council"},"content":{"rendered":"<p>[et_pb_section fb_built=&#8221;1&#8243; disabled_on=&#8221;off|off|off&#8221; _builder_version=&#8221;4.16&#8243; _module_preset=&#8221;default&#8221; background_color=&#8221;#777a7e&#8221; background_image=&#8221;https:\/\/effectus.com.hr\/wp-content\/uploads\/2021\/09\/shutterstock_1896527446-Copy.jpg&#8221; z_index=&#8221;99999999&#8243; custom_margin_tablet=&#8221;&#8221; custom_margin_phone=&#8221;-50px||-25px||false|false&#8221; custom_margin_last_edited=&#8221;on|phone&#8221; custom_padding=&#8221;20px||20px||true|false&#8221; saved_tabs=&#8221;all&#8221; global_colors_info=&#8221;{}&#8221;][\/et_pb_section][et_pb_section fb_built=&#8221;1&#8243; module_class=&#8221;eff-novosti&#8221; _builder_version=&#8221;4.16&#8243; global_colors_info=&#8221;{}&#8221;][et_pb_row column_structure=&#8221;2_3,1_3&#8243; _builder_version=&#8221;4.16&#8243; background_size=&#8221;initial&#8221; background_position=&#8221;top_left&#8221; background_repeat=&#8221;repeat&#8221; global_colors_info=&#8221;{}&#8221;][et_pb_column type=&#8221;2_3&#8243; _builder_version=&#8221;4.16&#8243; custom_padding=&#8221;|25px|||false|false&#8221; border_width_right=&#8221;1px&#8221; border_color_right=&#8221;#cccccc&#8221; global_colors_info=&#8221;{}&#8221; custom_padding__hover=&#8221;|||&#8221;][et_pb_post_title meta=&#8221;off&#8221; featured_image=&#8221;off&#8221; admin_label=&#8221;Naslov&#8221; _builder_version=&#8221;4.25.1&#8243; _module_preset=&#8221;default&#8221; title_text_color=&#8221;#333333&#8243; title_line_height=&#8221;1.5em&#8221; saved_tabs=&#8221;all&#8221; global_colors_info=&#8221;{}&#8221;][\/et_pb_post_title][et_pb_text _builder_version=&#8221;4.25.1&#8243; background_size=&#8221;initial&#8221; background_position=&#8221;top_left&#8221; background_repeat=&#8221;repeat&#8221; hover_enabled=&#8221;0&#8243; global_colors_info=&#8221;{}&#8221; sticky_enabled=&#8221;0&#8243;]<\/p>\n<p data-start=\"218\" data-end=\"232\">Dear students,<\/p>\n<p data-start=\"218\" data-end=\"232\">Based on the Decision of the Dean dated 25 February 2026, elections have been announced for student representatives and their deputies to the Student Council of <span class=\"hover:entity-accent entity-underline inline cursor-pointer align-baseline\"><span class=\"whitespace-normal\">EFFECTUS University of Applied Sciences<\/span><\/span> for the mandate period covering the academic years <strong data-start=\"484\" data-end=\"511\">2026\/2027 and 2027\/2028<\/strong>.<\/p>\n<p data-start=\"514\" data-end=\"543\"><strong>Date and method of voting<\/strong><\/p>\n<p data-start=\"545\" data-end=\"679\">The elections will be held on <strong data-start=\"575\" data-end=\"592\">30 March 2026<\/strong>, from <strong data-start=\"599\" data-end=\"617\">09:00 to 19:00<\/strong>, via the <strong data-start=\"627\" data-end=\"678\">Infoeduka digital student administration system<\/strong>.<\/p>\n<p data-start=\"681\" data-end=\"704\"><strong>Candidacy procedure<\/strong><\/p>\n<p data-start=\"706\" data-end=\"908\">Students who meet the requirements prescribed by the Statute and the relevant Regulations are eligible to run as candidates.<br data-start=\"830\" data-end=\"833\" \/>Candidacies must be submitted <strong data-start=\"863\" data-end=\"907\">in pairs (a representative and a deputy)<\/strong>.<\/p>\n<p data-start=\"910\" data-end=\"1042\">The <strong data-start=\"914\" data-end=\"982\">deadline for submitting candidacies is 20 March 2026 (inclusive)<\/strong>, i.e. no later than <strong data-start=\"1003\" data-end=\"1041\">10 days prior to the election date<\/strong>.<\/p>\n<p data-start=\"1044\" data-end=\"1102\">Candidacies must be submitted <strong data-start=\"1074\" data-end=\"1098\">exclusively by email<\/strong> to:<\/p>\n<ul>\n<li data-start=\"1104\" data-end=\"1128\"><a class=\"decorated-link cursor-pointer\" rel=\"noopener\" data-start=\"1104\" data-end=\"1128\">referada@effectus.com.hr<\/a><\/li>\n<\/ul>\n<p data-start=\"1130\" data-end=\"1301\">The application must include the required personal and study-related information for both candidates, in accordance with the Decision on the announcement of the elections.<\/p>\n<p data-start=\"1303\" data-end=\"1322\"><strong>Electoral units<\/strong><\/p>\n<p data-start=\"1324\" data-end=\"1393\">The elections will be conducted within the following electoral units:<\/p>\n<ul data-start=\"1395\" data-end=\"1660\">\n<li data-start=\"1395\" data-end=\"1426\">\n<p data-start=\"1397\" data-end=\"1426\">1st year \u2013 Entrepreneurship<\/p>\n<\/li>\n<li data-start=\"1427\" data-end=\"1458\">\n<p data-start=\"1429\" data-end=\"1458\">2nd year \u2013 Entrepreneurship<\/p>\n<\/li>\n<li data-start=\"1459\" data-end=\"1498\">\n<p data-start=\"1461\" data-end=\"1498\">1st year \u2013 Finance and Business Law<\/p>\n<\/li>\n<li data-start=\"1499\" data-end=\"1538\">\n<p data-start=\"1501\" data-end=\"1538\">2nd year \u2013 Finance and Business Law<\/p>\n<\/li>\n<li data-start=\"1539\" data-end=\"1578\">\n<p data-start=\"1541\" data-end=\"1578\">3rd year \u2013 Finance and Business Law<\/p>\n<\/li>\n<li data-start=\"1579\" data-end=\"1619\">\n<p data-start=\"1581\" data-end=\"1619\">1st year \u2013 Business Management \u2013 MBA<\/p>\n<\/li>\n<li data-start=\"1620\" data-end=\"1660\">\n<p data-start=\"1622\" data-end=\"1660\">2nd year \u2013 Business Management \u2013 MBA<\/p>\n<\/li>\n<\/ul>\n<p data-start=\"1662\" data-end=\"1743\">One student representative and one deputy will be elected in each electoral unit.<\/p>\n<p data-start=\"1745\" data-end=\"1962\">We invite all interested students who meet the prescribed requirements to submit their candidacies in a timely manner and actively participate in the work of the Student Council as the representative body of students.<\/p>\n<p data-start=\"1964\" data-end=\"2000\"><strong data-start=\"1964\" data-end=\"2000\">Be the voice of your generation!<\/strong><\/p>\n<p>[\/et_pb_text][et_pb_image src=&#8221;https:\/\/effectus.com.hr\/wp-content\/uploads\/2026\/03\/5.jpg&#8221; title_text=&#8221;5&#8243; _builder_version=&#8221;4.25.1&#8243; _module_preset=&#8221;default&#8221; global_colors_info=&#8221;{}&#8221;][\/et_pb_image][\/et_pb_column][et_pb_column type=&#8221;1_3&#8243; _builder_version=&#8221;4.16&#8243; custom_padding=&#8221;|||&#8221; global_colors_info=&#8221;{}&#8221; custom_padding__hover=&#8221;|||&#8221;][et_pb_text _builder_version=&#8221;4.16&#8243; _module_preset=&#8221;default&#8221; text_font=&#8221;|700|||||||&#8221; text_font_size=&#8221;23px&#8221; width=&#8221;91%&#8221; custom_margin=&#8221;||14px|||&#8221; custom_padding=&#8221;||15px||false|false&#8221; border_width_bottom=&#8221;1px&#8221; border_color_bottom=&#8221;#cccccc&#8221; saved_tabs=&#8221;all&#8221; global_colors_info=&#8221;{}&#8221;]<\/p>\n<p>POSTANI NA\u0160 STUDENT<\/p>\n<p>[\/et_pb_text][et_pb_text _builder_version=&#8221;4.16&#8243; _module_preset=&#8221;default&#8221; text_font=&#8221;||||||||&#8221; text_text_color=&#8221;#0065b3&#8243; text_font_size=&#8221;18px&#8221; text_line_height=&#8221;1.6em&#8221; width=&#8221;91%&#8221; custom_padding=&#8221;||47px|||&#8221; saved_tabs=&#8221;all&#8221; global_colors_info=&#8221;{}&#8221;]<\/p>\n<p>Ispuni obrazac i kontaktirat \u0107emo te za vi\u0161e informacija<\/p>\n\n<div class=\"wpcf7 no-js\" id=\"wpcf7-f221-o1\" lang=\"hr\" dir=\"ltr\">\n<div class=\"screen-reader-response\"><p role=\"status\" aria-live=\"polite\" aria-atomic=\"true\"><\/p> <ul><\/ul><\/div>\n<form action=\"\/en\/wp-json\/wp\/v2\/posts\/264582#wpcf7-f221-o1\" method=\"post\" class=\"wpcf7-form init\" aria-label=\"Kontakt obrazac\" novalidate=\"novalidate\" data-status=\"init\">\n<div style=\"display: none;\">\n<input type=\"hidden\" name=\"_wpcf7\" value=\"221\" \/>\n<input type=\"hidden\" name=\"_wpcf7_version\" value=\"5.9.4\" \/>\n<input type=\"hidden\" name=\"_wpcf7_locale\" value=\"hr\" \/>\n<input type=\"hidden\" name=\"_wpcf7_unit_tag\" value=\"wpcf7-f221-o1\" \/>\n<input type=\"hidden\" name=\"_wpcf7_container_post\" value=\"0\" \/>\n<input type=\"hidden\" name=\"_wpcf7_posted_data_hash\" value=\"\" \/>\n<input type=\"hidden\" name=\"_wpcf7_recaptcha_response\" value=\"\" \/>\n<\/div>\n<p><span class=\"wpcf7-form-control-wrap\" data-name=\"your-name\"><input size=\"40\" class=\"wpcf7-form-control wpcf7-text wpcf7-validates-as-required\" aria-required=\"true\" aria-invalid=\"false\" placeholder=\"Ime i prezime\" value=\"\" type=\"text\" name=\"your-name\" \/><\/span>\n<\/p>\n<p><br \/>\n<span class=\"wpcf7-form-control-wrap\" data-name=\"your-email\"><input size=\"40\" class=\"wpcf7-form-control wpcf7-email wpcf7-validates-as-required wpcf7-text wpcf7-validates-as-email\" aria-required=\"true\" aria-invalid=\"false\" placeholder=\"Email\" value=\"\" type=\"email\" name=\"your-email\" \/><\/span>\n<\/p>\n<p><br \/>\n<span class=\"wpcf7-form-control-wrap\" data-name=\"text-625\"><input size=\"40\" class=\"wpcf7-form-control wpcf7-text\" aria-invalid=\"false\" placeholder=\"Telefon\" value=\"\" type=\"text\" name=\"text-625\" \/><\/span>\n<\/p>\n<p><br \/>\n<span class=\"wpcf7-form-control-wrap\" data-name=\"your-message\"><textarea cols=\"40\" rows=\"10\" class=\"wpcf7-form-control wpcf7-textarea\" aria-invalid=\"false\" placeholder=\"Poruka\" name=\"your-message\"><\/textarea><\/span>\n<\/p>\n<p>Predajom\/slanjem ove prijave dajem svoju suglasnost EFFECTUS da u njoj navedene osobne podatke prikuplja, obra\u0111uje i pohranjuje u svrhu provedbe predmetne prijave, upisa na studij, u svrhu kontaktiranja, u svrhu sklapanja ugovora. Potvr\u0111ujem da sam prije slanja prijave upoznat\/a sa svojim pravima i ostalim postupanjima u odnosu na prikupljanje, obradu, objavu i pohranu mojih osobnih podataka u predmetne svrhe, kao i sa upravljanje privolama, te da \u0107e biti za\u0161ti\u0107eni od pristupa neovla\u0161tenih osoba, te pohranjeni na sigurno mjesto i \u010duvani u skladu s uvjetima i rokovima predvi\u0111enim zakonskim propisima, aktima i odlukama EFFECTUS-a. Potvr\u0111ujem da sam upoznat\/a da svoja prava i postupanja u odnosu na moje osobne podatke mogu vidjeti i na web stranici <a href=\"https:\/\/effectus.com.hr\/politika-privatnosti\/\">https:\/\/effectus.com.hr\/politika-privatnosti\/.<\/a>\n<\/p>\n<p>\n<span class=\"wpcf7-form-control-wrap recaptcha\" data-name=\"recaptcha\"><span data-sitekey=\"6LdUiQYqAAAAAFL9ow_BRLvXuhg1V3tSJnNxSHc_\" class=\"wpcf7-form-control wpcf7-recaptcha g-recaptcha\"><\/span>\r\n<noscript>\r\n\t<div class=\"grecaptcha-noscript\">\r\n\t\t<iframe loading=\"lazy\" src=\"https:\/\/www.google.com\/recaptcha\/api\/fallback?k=6LdUiQYqAAAAAFL9ow_BRLvXuhg1V3tSJnNxSHc_\" frameborder=\"0\" scrolling=\"no\" width=\"310\" height=\"430\">\r\n\t\t<\/iframe>\r\n\t\t<textarea name=\"g-recaptcha-response\" rows=\"3\" cols=\"40\" placeholder=\"reCaptcha Response Here\">\r\n\t\t<\/textarea>\r\n\t<\/div>\r\n<\/noscript>\r\n<\/span>\n<\/p>\n<p><input class=\"wpcf7-form-control wpcf7-submit has-spinner\" type=\"submit\" value=\"Po\u0161alji\" \/>\n<\/p><div class=\"wpcf7-response-output\" aria-hidden=\"true\"><\/div>\n<\/form>\n<\/div>\n\n<p>[\/et_pb_text][et_pb_sidebar area=&#8221;et_pb_widget_area_1&#8243; _builder_version=&#8221;4.16&#8243; _module_preset=&#8221;default&#8221; custom_margin=&#8221;||75px||false|false&#8221; saved_tabs=&#8221;all&#8221; global_colors_info=&#8221;{}&#8221;][\/et_pb_sidebar][et_pb_text _builder_version=&#8221;4.16&#8243; _module_preset=&#8221;default&#8221; text_font=&#8221;|700|||||||&#8221; text_font_size=&#8221;23px&#8221; width=&#8221;91%&#8221; custom_margin=&#8221;||14px|||&#8221; custom_padding=&#8221;||15px||false|false&#8221; border_width_bottom=&#8221;1px&#8221; border_color_bottom=&#8221;#cccccc&#8221; global_colors_info=&#8221;{}&#8221;]<\/p>\n<p>PRATI NAS<\/p>\n<p>[\/et_pb_text][et_pb_social_media_follow _builder_version=&#8221;4.16&#8243; _module_preset=&#8221;default&#8221; saved_tabs=&#8221;all&#8221; global_colors_info=&#8221;{}&#8221;][et_pb_social_media_follow_network social_network=&#8221;facebook&#8221; url=&#8221;https:\/\/www.facebook.com\/effectus.studij\/&#8221; _builder_version=&#8221;4.16&#8243; _module_preset=&#8221;default&#8221; background_color=&#8221;#3b5998&#8243; global_colors_info=&#8221;{}&#8221; follow_button=&#8221;off&#8221; url_new_window=&#8221;on&#8221;]facebook[\/et_pb_social_media_follow_network][et_pb_social_media_follow_network social_network=&#8221;instagram&#8221; url=&#8221;https:\/\/www.instagram.com\/effectus.poduzetnicki.studiji\/&#8221; _builder_version=&#8221;4.16&#8243; _module_preset=&#8221;default&#8221; background_color=&#8221;#ea2c59&#8243; global_colors_info=&#8221;{}&#8221; follow_button=&#8221;off&#8221; url_new_window=&#8221;on&#8221;]instagram[\/et_pb_social_media_follow_network][et_pb_social_media_follow_network social_network=&#8221;linkedin&#8221; url=&#8221;https:\/\/hr.linkedin.com\/school\/effectus-university-college-for-law-and-finance\/&#8221; _builder_version=&#8221;4.16&#8243; _module_preset=&#8221;default&#8221; background_color=&#8221;#007bb6&#8243; global_colors_info=&#8221;{}&#8221; follow_button=&#8221;off&#8221; url_new_window=&#8221;on&#8221;]linkedin[\/et_pb_social_media_follow_network][et_pb_social_media_follow_network social_network=&#8221;youtube&#8221; url=&#8221;https:\/\/www.youtube.com\/user\/EFFECTUSTV&#8221; _builder_version=&#8221;4.16&#8243; _module_preset=&#8221;default&#8221; background_color=&#8221;#a82400&#8243; global_colors_info=&#8221;{}&#8221; follow_button=&#8221;off&#8221; url_new_window=&#8221;on&#8221;]youtube[\/et_pb_social_media_follow_network][\/et_pb_social_media_follow][\/et_pb_column][\/et_pb_row][\/et_pb_section]<\/p>\n","protected":false},"excerpt":{"rendered":"<p>Dear students, Based on the Decision of the Dean dated 25 February 2026, elections have been announced for student representatives and their deputies to the Student Council of EFFECTUS University of Applied Sciences for the mandate period covering the academic years 2026\/2027 and 2027\/2028. Date and method of voting The elections will be held on [&hellip;]<\/p>\n","protected":false},"author":14,"featured_media":264581,"comment_status":"closed","ping_status":"closed","sticky":false,"template":"","format":"standard","meta":{"_et_pb_use_builder":"on","_et_pb_old_content":"","_et_gb_content_width":"","footnotes":""},"categories":[71,70,41],"tags":[],"yoast_head":"<!-- This site is optimized with the Yoast SEO plugin v22.7 - https:\/\/yoast.com\/wordpress\/plugins\/seo\/ -->\n<title>Notice on the Announcement of Elections for the Student Council - EFFECTUS veleu\u010dili\u0161te<\/title>\n<meta name=\"robots\" content=\"index, follow, max-snippet:-1, max-image-preview:large, max-video-preview:-1\" \/>\n<link rel=\"canonical\" href=\"https:\/\/effectus.com.hr\/en\/obavijest-o-raspisivanju-izbora-za-studentski-zbor\/\" \/>\n<meta property=\"og:locale\" content=\"en_US\" \/>\n<meta property=\"og:type\" content=\"article\" \/>\n<meta property=\"og:title\" content=\"Notice on the Announcement of Elections for the Student Council - EFFECTUS veleu\u010dili\u0161te\" \/>\n<meta property=\"og:description\" content=\"Dear students, Based on the Decision of the Dean dated 25 February 2026, elections have been announced for student representatives and their deputies to the Student Council of EFFECTUS University of Applied Sciences for the mandate period covering the academic years 2026\/2027 and 2027\/2028. Date and method of voting The elections will be held on [&hellip;]\" \/>\n<meta property=\"og:url\" content=\"https:\/\/effectus.com.hr\/en\/obavijest-o-raspisivanju-izbora-za-studentski-zbor\/\" \/>\n<meta property=\"og:site_name\" content=\"EFFECTUS veleu\u010dili\u0161te\" \/>\n<meta property=\"article:published_time\" content=\"2026-03-06T11:40:23+00:00\" \/>\n<meta property=\"article:modified_time\" content=\"2026-03-06T11:46:09+00:00\" \/>\n<meta property=\"og:image\" content=\"https:\/\/effectus.com.hr\/wp-content\/uploads\/2026\/03\/5.jpg\" \/>\n\t<meta property=\"og:image:width\" content=\"1080\" \/>\n\t<meta property=\"og:image:height\" content=\"1080\" \/>\n\t<meta property=\"og:image:type\" content=\"image\/jpeg\" \/>\n<meta name=\"author\" content=\"Klara Dumbovi\u0107\" \/>\n<meta name=\"twitter:card\" content=\"summary_large_image\" \/>\n<meta name=\"twitter:label1\" content=\"Written by\" \/>\n\t<meta name=\"twitter:data1\" content=\"Klara Dumbovi\u0107\" \/>\n\t<meta name=\"twitter:label2\" content=\"Est. reading time\" \/>\n\t<meta name=\"twitter:data2\" content=\"3 minutes\" \/>\n<script type=\"application\/ld+json\" class=\"yoast-schema-graph\">{\"@context\":\"https:\/\/schema.org\",\"@graph\":[{\"@type\":\"WebPage\",\"@id\":\"https:\/\/effectus.com.hr\/en\/obavijest-o-raspisivanju-izbora-za-studentski-zbor\/\",\"url\":\"https:\/\/effectus.com.hr\/en\/obavijest-o-raspisivanju-izbora-za-studentski-zbor\/\",\"name\":\"Notice on the Announcement of Elections for the Student Council - EFFECTUS veleu\u010dili\u0161te\",\"isPartOf\":{\"@id\":\"https:\/\/effectus.com.hr\/#website\"},\"primaryImageOfPage\":{\"@id\":\"https:\/\/effectus.com.hr\/en\/obavijest-o-raspisivanju-izbora-za-studentski-zbor\/#primaryimage\"},\"image\":{\"@id\":\"https:\/\/effectus.com.hr\/en\/obavijest-o-raspisivanju-izbora-za-studentski-zbor\/#primaryimage\"},\"thumbnailUrl\":\"https:\/\/effectus.com.hr\/wp-content\/uploads\/2026\/03\/5.jpg\",\"datePublished\":\"2026-03-06T11:40:23+00:00\",\"dateModified\":\"2026-03-06T11:46:09+00:00\",\"author\":{\"@id\":\"https:\/\/effectus.com.hr\/#\/schema\/person\/e3d600b3d55633e6ff0d3d8ee76cca57\"},\"breadcrumb\":{\"@id\":\"https:\/\/effectus.com.hr\/en\/obavijest-o-raspisivanju-izbora-za-studentski-zbor\/#breadcrumb\"},\"inLanguage\":\"en-US\",\"potentialAction\":[{\"@type\":\"ReadAction\",\"target\":[\"https:\/\/effectus.com.hr\/en\/obavijest-o-raspisivanju-izbora-za-studentski-zbor\/\"]}]},{\"@type\":\"ImageObject\",\"inLanguage\":\"en-US\",\"@id\":\"https:\/\/effectus.com.hr\/en\/obavijest-o-raspisivanju-izbora-za-studentski-zbor\/#primaryimage\",\"url\":\"https:\/\/effectus.com.hr\/wp-content\/uploads\/2026\/03\/5.jpg\",\"contentUrl\":\"https:\/\/effectus.com.hr\/wp-content\/uploads\/2026\/03\/5.jpg\",\"width\":1080,\"height\":1080},{\"@type\":\"BreadcrumbList\",\"@id\":\"https:\/\/effectus.com.hr\/en\/obavijest-o-raspisivanju-izbora-za-studentski-zbor\/#breadcrumb\",\"itemListElement\":[{\"@type\":\"ListItem\",\"position\":1,\"name\":\"Po\u010detna\",\"item\":\"https:\/\/effectus.com.hr\/en\/\"},{\"@type\":\"ListItem\",\"position\":2,\"name\":\"Notice on the Announcement of Elections for the Student Council\"}]},{\"@type\":\"WebSite\",\"@id\":\"https:\/\/effectus.com.hr\/#website\",\"url\":\"https:\/\/effectus.com.hr\/\",\"name\":\"EFFECTUS veleu\u010dili\u0161te\",\"description\":\"\",\"potentialAction\":[{\"@type\":\"SearchAction\",\"target\":{\"@type\":\"EntryPoint\",\"urlTemplate\":\"https:\/\/effectus.com.hr\/?s={search_term_string}\"},\"query-input\":\"required name=search_term_string\"}],\"inLanguage\":\"en-US\"},{\"@type\":\"Person\",\"@id\":\"https:\/\/effectus.com.hr\/#\/schema\/person\/e3d600b3d55633e6ff0d3d8ee76cca57\",\"name\":\"Klara Dumbovi\u0107\",\"image\":{\"@type\":\"ImageObject\",\"inLanguage\":\"en-US\",\"@id\":\"https:\/\/effectus.com.hr\/#\/schema\/person\/image\/\",\"url\":\"https:\/\/secure.gravatar.com\/avatar\/9d3729bae98d5a1ea4ec81999dfc6e13?s=96&d=mm&r=g\",\"contentUrl\":\"https:\/\/secure.gravatar.com\/avatar\/9d3729bae98d5a1ea4ec81999dfc6e13?s=96&d=mm&r=g\",\"caption\":\"Klara Dumbovi\u0107\"},\"url\":\"https:\/\/effectus.com.hr\/en\/author\/kdumbovic\/\"}]}<\/script>\n<!-- \/ Yoast SEO plugin. -->","yoast_head_json":{"title":"Notice on the Announcement of Elections for the Student Council - EFFECTUS veleu\u010dili\u0161te","robots":{"index":"index","follow":"follow","max-snippet":"max-snippet:-1","max-image-preview":"max-image-preview:large","max-video-preview":"max-video-preview:-1"},"canonical":"https:\/\/effectus.com.hr\/en\/obavijest-o-raspisivanju-izbora-za-studentski-zbor\/","og_locale":"en_US","og_type":"article","og_title":"Notice on the Announcement of Elections for the Student Council - EFFECTUS veleu\u010dili\u0161te","og_description":"Dear students, Based on the Decision of the Dean dated 25 February 2026, elections have been announced for student representatives and their deputies to the Student Council of EFFECTUS University of Applied Sciences for the mandate period covering the academic years 2026\/2027 and 2027\/2028. Date and method of voting The elections will be held on [&hellip;]","og_url":"https:\/\/effectus.com.hr\/en\/obavijest-o-raspisivanju-izbora-za-studentski-zbor\/","og_site_name":"EFFECTUS veleu\u010dili\u0161te","article_published_time":"2026-03-06T11:40:23+00:00","article_modified_time":"2026-03-06T11:46:09+00:00","og_image":[{"width":1080,"height":1080,"url":"https:\/\/effectus.com.hr\/wp-content\/uploads\/2026\/03\/5.jpg","type":"image\/jpeg"}],"author":"Klara Dumbovi\u0107","twitter_card":"summary_large_image","twitter_misc":{"Written by":"Klara Dumbovi\u0107","Est. reading time":"3 minutes"},"schema":{"@context":"https:\/\/schema.org","@graph":[{"@type":"WebPage","@id":"https:\/\/effectus.com.hr\/en\/obavijest-o-raspisivanju-izbora-za-studentski-zbor\/","url":"https:\/\/effectus.com.hr\/en\/obavijest-o-raspisivanju-izbora-za-studentski-zbor\/","name":"Notice on the Announcement of Elections for the Student Council - EFFECTUS veleu\u010dili\u0161te","isPartOf":{"@id":"https:\/\/effectus.com.hr\/#website"},"primaryImageOfPage":{"@id":"https:\/\/effectus.com.hr\/en\/obavijest-o-raspisivanju-izbora-za-studentski-zbor\/#primaryimage"},"image":{"@id":"https:\/\/effectus.com.hr\/en\/obavijest-o-raspisivanju-izbora-za-studentski-zbor\/#primaryimage"},"thumbnailUrl":"https:\/\/effectus.com.hr\/wp-content\/uploads\/2026\/03\/5.jpg","datePublished":"2026-03-06T11:40:23+00:00","dateModified":"2026-03-06T11:46:09+00:00","author":{"@id":"https:\/\/effectus.com.hr\/#\/schema\/person\/e3d600b3d55633e6ff0d3d8ee76cca57"},"breadcrumb":{"@id":"https:\/\/effectus.com.hr\/en\/obavijest-o-raspisivanju-izbora-za-studentski-zbor\/#breadcrumb"},"inLanguage":"en-US","potentialAction":[{"@type":"ReadAction","target":["https:\/\/effectus.com.hr\/en\/obavijest-o-raspisivanju-izbora-za-studentski-zbor\/"]}]},{"@type":"ImageObject","inLanguage":"en-US","@id":"https:\/\/effectus.com.hr\/en\/obavijest-o-raspisivanju-izbora-za-studentski-zbor\/#primaryimage","url":"https:\/\/effectus.com.hr\/wp-content\/uploads\/2026\/03\/5.jpg","contentUrl":"https:\/\/effectus.com.hr\/wp-content\/uploads\/2026\/03\/5.jpg","width":1080,"height":1080},{"@type":"BreadcrumbList","@id":"https:\/\/effectus.com.hr\/en\/obavijest-o-raspisivanju-izbora-za-studentski-zbor\/#breadcrumb","itemListElement":[{"@type":"ListItem","position":1,"name":"Po\u010detna","item":"https:\/\/effectus.com.hr\/en\/"},{"@type":"ListItem","position":2,"name":"Notice on the Announcement of Elections for the Student Council"}]},{"@type":"WebSite","@id":"https:\/\/effectus.com.hr\/#website","url":"https:\/\/effectus.com.hr\/","name":"EFFECTUS veleu\u010dili\u0161te","description":"","potentialAction":[{"@type":"SearchAction","target":{"@type":"EntryPoint","urlTemplate":"https:\/\/effectus.com.hr\/?s={search_term_string}"},"query-input":"required name=search_term_string"}],"inLanguage":"en-US"},{"@type":"Person","@id":"https:\/\/effectus.com.hr\/#\/schema\/person\/e3d600b3d55633e6ff0d3d8ee76cca57","name":"Klara Dumbovi\u0107","image":{"@type":"ImageObject","inLanguage":"en-US","@id":"https:\/\/effectus.com.hr\/#\/schema\/person\/image\/","url":"https:\/\/secure.gravatar.com\/avatar\/9d3729bae98d5a1ea4ec81999dfc6e13?s=96&d=mm&r=g","contentUrl":"https:\/\/secure.gravatar.com\/avatar\/9d3729bae98d5a1ea4ec81999dfc6e13?s=96&d=mm&r=g","caption":"Klara Dumbovi\u0107"},"url":"https:\/\/effectus.com.hr\/en\/author\/kdumbovic\/"}]}},"_links":{"self":[{"href":"https:\/\/effectus.com.hr\/en\/wp-json\/wp\/v2\/posts\/264582"}],"collection":[{"href":"https:\/\/effectus.com.hr\/en\/wp-json\/wp\/v2\/posts"}],"about":[{"href":"https:\/\/effectus.com.hr\/en\/wp-json\/wp\/v2\/types\/post"}],"author":[{"embeddable":true,"href":"https:\/\/effectus.com.hr\/en\/wp-json\/wp\/v2\/users\/14"}],"replies":[{"embeddable":true,"href":"https:\/\/effectus.com.hr\/en\/wp-json\/wp\/v2\/comments?post=264582"}],"version-history":[{"count":3,"href":"https:\/\/effectus.com.hr\/en\/wp-json\/wp\/v2\/posts\/264582\/revisions"}],"predecessor-version":[{"id":264588,"href":"https:\/\/effectus.com.hr\/en\/wp-json\/wp\/v2\/posts\/264582\/revisions\/264588"}],"wp:featuredmedia":[{"embeddable":true,"href":"https:\/\/effectus.com.hr\/en\/wp-json\/wp\/v2\/media\/264581"}],"wp:attachment":[{"href":"https:\/\/effectus.com.hr\/en\/wp-json\/wp\/v2\/media?parent=264582"}],"wp:term":[{"taxonomy":"category","embeddable":true,"href":"https:\/\/effectus.com.hr\/en\/wp-json\/wp\/v2\/categories?post=264582"},{"taxonomy":"post_tag","embeddable":true,"href":"https:\/\/effectus.com.hr\/en\/wp-json\/wp\/v2\/tags?post=264582"}],"curies":[{"name":"wp","href":"https:\/\/api.w.org\/{rel}","templated":true}]}}