{"id":264598,"date":"2026-03-12T12:48:39","date_gmt":"2026-03-12T11:48:39","guid":{"rendered":"https:\/\/effectus.com.hr\/?p=264598"},"modified":"2026-03-12T12:50:33","modified_gmt":"2026-03-12T11:50:33","slug":"podrska-mladim-poduzetnicima-effectus-veleuciliste-partner-regionalnog-natjecanja-poslovni-izazov-2026","status":"publish","type":"post","link":"https:\/\/effectus.com.hr\/en\/podrska-mladim-poduzetnicima-effectus-veleuciliste-partner-regionalnog-natjecanja-poslovni-izazov-2026\/","title":{"rendered":"Support for Young Entrepreneurs: EFFECTUS University of Applied Sciences Partner of the Regional Competition \u201cBusiness Challenge 2026\u201d"},"content":{"rendered":"<p>[et_pb_section fb_built=&#8221;1&#8243; disabled_on=&#8221;off|off|off&#8221; _builder_version=&#8221;4.16&#8243; _module_preset=&#8221;default&#8221; background_color=&#8221;#777a7e&#8221; background_image=&#8221;https:\/\/effectus.com.hr\/wp-content\/uploads\/2021\/09\/shutterstock_1896527446-Copy.jpg&#8221; z_index=&#8221;99999999&#8243; custom_margin_tablet=&#8221;&#8221; custom_margin_phone=&#8221;-50px||-25px||false|false&#8221; custom_margin_last_edited=&#8221;on|phone&#8221; custom_padding=&#8221;20px||20px||true|false&#8221; saved_tabs=&#8221;all&#8221; global_colors_info=&#8221;{}&#8221;][\/et_pb_section][et_pb_section fb_built=&#8221;1&#8243; module_class=&#8221;eff-novosti&#8221; _builder_version=&#8221;4.16&#8243; global_colors_info=&#8221;{}&#8221;][et_pb_row column_structure=&#8221;2_3,1_3&#8243; _builder_version=&#8221;4.16&#8243; background_size=&#8221;initial&#8221; background_position=&#8221;top_left&#8221; background_repeat=&#8221;repeat&#8221; global_colors_info=&#8221;{}&#8221;][et_pb_column type=&#8221;2_3&#8243; _builder_version=&#8221;4.16&#8243; custom_padding=&#8221;|25px|||false|false&#8221; border_width_right=&#8221;1px&#8221; border_color_right=&#8221;#cccccc&#8221; global_colors_info=&#8221;{}&#8221; custom_padding__hover=&#8221;|||&#8221;][et_pb_post_title meta=&#8221;off&#8221; featured_image=&#8221;off&#8221; admin_label=&#8221;Naslov&#8221; _builder_version=&#8221;4.25.1&#8243; _module_preset=&#8221;default&#8221; title_text_color=&#8221;#333333&#8243; title_line_height=&#8221;1.5em&#8221; saved_tabs=&#8221;all&#8221; global_colors_info=&#8221;{}&#8221;][\/et_pb_post_title][et_pb_text _builder_version=&#8221;4.25.1&#8243; background_size=&#8221;initial&#8221; background_position=&#8221;top_left&#8221; background_repeat=&#8221;repeat&#8221; hover_enabled=&#8221;0&#8243; global_colors_info=&#8221;{}&#8221; sticky_enabled=&#8221;0&#8243;]<\/p>\n<p data-start=\"140\" data-end=\"641\">EFFECTUS University of Applied Sciences participated as a partner and supporter of the regional entrepreneurship competition <strong data-start=\"265\" data-end=\"292\">Business Challenge 2026<\/strong>, held on Thursday, February 26, 2026, at the XII Gymnasium in Zagreb for the region of Continental Croatia. Through this participation, EFFECTUS once again confirmed its commitment to promoting entrepreneurial competencies among young people and supporting educational initiatives that encourage the development of business thinking and innovation.<\/p>\n<p data-start=\"643\" data-end=\"1004\">The competition was officially opened with welcome speeches by representatives of the organizers and institutions that support the development of entrepreneurship among young people. Among them was Miljenko Javorovi\u0107 from EFFECTUS, who emphasized the importance of systematically encouraging an entrepreneurial mindset already during secondary school education.<\/p>\n<p data-start=\"1006\" data-end=\"1364\">During the competition, students developed and presented their business ideas within a limited time to a professional jury, demonstrating creativity, analytical thinking, and an understanding of market challenges. The expert jury evaluated the quality of the business models, the innovativeness of the ideas, and the sustainability of the proposed solutions.<\/p>\n<p data-start=\"1366\" data-end=\"1635\">Particular success was achieved by the <strong data-start=\"1405\" data-end=\"1417\">Hug Wear<\/strong> team from the XII Gymnasium Zagreb, which won first place at the regional level of the competition. The winning team consisted of students Lea Kos, Ana Digula, and Paula Cirimoti\u0107, mentored by Professor Dijana Soldi\u0107.<\/p>\n<p data-start=\"1637\" data-end=\"1942\">The competition is organized by the Private Gymnasium and Economic School Katarina Zrinski and the Association Poduzetni, under the high patronage of the European Parliament, the Ministry of Science, Education and Youth, the Ministry of Economy, the Ministry of Tourism and Sports, and the City of Zagreb.<\/p>\n<p data-start=\"1944\" data-end=\"2111\" data-is-last-node=\"\" data-is-only-node=\"\"><em><strong>We congratulate all participants on their effort, high-quality ideas, and entrepreneurial spirit, and wish them great success at the national level of the competition.<\/strong><\/em><\/p>\n<p>&nbsp;<\/p>\n<p>[\/et_pb_text][et_pb_gallery gallery_ids=&#8221;264594,264596&#8243; _builder_version=&#8221;4.25.1&#8243; _module_preset=&#8221;default&#8221; title_text_color=&#8221;#FFFFFF&#8221; title_font_size=&#8221;1px&#8221; caption_text_color=&#8221;#FFFFFF&#8221; caption_font_size=&#8221;1px&#8221; caption_line_height=&#8221;1px&#8221; pagination_text_color=&#8221;#FFFFFF&#8221; pagination_font_size=&#8221;1px&#8221; global_colors_info=&#8221;{}&#8221;][\/et_pb_gallery][\/et_pb_column][et_pb_column type=&#8221;1_3&#8243; _builder_version=&#8221;4.16&#8243; custom_padding=&#8221;|||&#8221; global_colors_info=&#8221;{}&#8221; custom_padding__hover=&#8221;|||&#8221;][et_pb_text _builder_version=&#8221;4.16&#8243; _module_preset=&#8221;default&#8221; text_font=&#8221;|700|||||||&#8221; text_font_size=&#8221;23px&#8221; width=&#8221;91%&#8221; custom_margin=&#8221;||14px|||&#8221; custom_padding=&#8221;||15px||false|false&#8221; border_width_bottom=&#8221;1px&#8221; border_color_bottom=&#8221;#cccccc&#8221; saved_tabs=&#8221;all&#8221; global_colors_info=&#8221;{}&#8221;]<\/p>\n<p>POSTANI NA\u0160 STUDENT<\/p>\n<p>[\/et_pb_text][et_pb_text _builder_version=&#8221;4.16&#8243; _module_preset=&#8221;default&#8221; text_font=&#8221;||||||||&#8221; text_text_color=&#8221;#0065b3&#8243; text_font_size=&#8221;18px&#8221; text_line_height=&#8221;1.6em&#8221; width=&#8221;91%&#8221; custom_padding=&#8221;||47px|||&#8221; saved_tabs=&#8221;all&#8221; global_colors_info=&#8221;{}&#8221;]<\/p>\n<p>Ispuni obrazac i kontaktirat \u0107emo te za vi\u0161e informacija<\/p>\n\n<div class=\"wpcf7 no-js\" id=\"wpcf7-f221-o1\" lang=\"hr\" dir=\"ltr\">\n<div class=\"screen-reader-response\"><p role=\"status\" aria-live=\"polite\" aria-atomic=\"true\"><\/p> <ul><\/ul><\/div>\n<form action=\"\/en\/wp-json\/wp\/v2\/posts\/264598#wpcf7-f221-o1\" method=\"post\" class=\"wpcf7-form init\" aria-label=\"Kontakt obrazac\" novalidate=\"novalidate\" data-status=\"init\">\n<div style=\"display: none;\">\n<input type=\"hidden\" name=\"_wpcf7\" value=\"221\" \/>\n<input type=\"hidden\" name=\"_wpcf7_version\" value=\"5.9.4\" \/>\n<input type=\"hidden\" name=\"_wpcf7_locale\" value=\"hr\" \/>\n<input type=\"hidden\" name=\"_wpcf7_unit_tag\" value=\"wpcf7-f221-o1\" \/>\n<input type=\"hidden\" name=\"_wpcf7_container_post\" value=\"0\" \/>\n<input type=\"hidden\" name=\"_wpcf7_posted_data_hash\" value=\"\" \/>\n<input type=\"hidden\" name=\"_wpcf7_recaptcha_response\" value=\"\" \/>\n<\/div>\n<p><span class=\"wpcf7-form-control-wrap\" data-name=\"your-name\"><input size=\"40\" class=\"wpcf7-form-control wpcf7-text wpcf7-validates-as-required\" aria-required=\"true\" aria-invalid=\"false\" placeholder=\"Ime i prezime\" value=\"\" type=\"text\" name=\"your-name\" \/><\/span>\n<\/p>\n<p><br \/>\n<span class=\"wpcf7-form-control-wrap\" data-name=\"your-email\"><input size=\"40\" class=\"wpcf7-form-control wpcf7-email wpcf7-validates-as-required wpcf7-text wpcf7-validates-as-email\" aria-required=\"true\" aria-invalid=\"false\" placeholder=\"Email\" value=\"\" type=\"email\" name=\"your-email\" \/><\/span>\n<\/p>\n<p><br \/>\n<span class=\"wpcf7-form-control-wrap\" data-name=\"text-625\"><input size=\"40\" class=\"wpcf7-form-control wpcf7-text\" aria-invalid=\"false\" placeholder=\"Telefon\" value=\"\" type=\"text\" name=\"text-625\" \/><\/span>\n<\/p>\n<p><br \/>\n<span class=\"wpcf7-form-control-wrap\" data-name=\"your-message\"><textarea cols=\"40\" rows=\"10\" class=\"wpcf7-form-control wpcf7-textarea\" aria-invalid=\"false\" placeholder=\"Poruka\" name=\"your-message\"><\/textarea><\/span>\n<\/p>\n<p>Predajom\/slanjem ove prijave dajem svoju suglasnost EFFECTUS da u njoj navedene osobne podatke prikuplja, obra\u0111uje i pohranjuje u svrhu provedbe predmetne prijave, upisa na studij, u svrhu kontaktiranja, u svrhu sklapanja ugovora. Potvr\u0111ujem da sam prije slanja prijave upoznat\/a sa svojim pravima i ostalim postupanjima u odnosu na prikupljanje, obradu, objavu i pohranu mojih osobnih podataka u predmetne svrhe, kao i sa upravljanje privolama, te da \u0107e biti za\u0161ti\u0107eni od pristupa neovla\u0161tenih osoba, te pohranjeni na sigurno mjesto i \u010duvani u skladu s uvjetima i rokovima predvi\u0111enim zakonskim propisima, aktima i odlukama EFFECTUS-a. Potvr\u0111ujem da sam upoznat\/a da svoja prava i postupanja u odnosu na moje osobne podatke mogu vidjeti i na web stranici <a href=\"https:\/\/effectus.com.hr\/politika-privatnosti\/\">https:\/\/effectus.com.hr\/politika-privatnosti\/.<\/a>\n<\/p>\n<p>\n<span class=\"wpcf7-form-control-wrap recaptcha\" data-name=\"recaptcha\"><span data-sitekey=\"6LdUiQYqAAAAAFL9ow_BRLvXuhg1V3tSJnNxSHc_\" class=\"wpcf7-form-control wpcf7-recaptcha g-recaptcha\"><\/span>\r\n<noscript>\r\n\t<div class=\"grecaptcha-noscript\">\r\n\t\t<iframe loading=\"lazy\" src=\"https:\/\/www.google.com\/recaptcha\/api\/fallback?k=6LdUiQYqAAAAAFL9ow_BRLvXuhg1V3tSJnNxSHc_\" frameborder=\"0\" scrolling=\"no\" width=\"310\" height=\"430\">\r\n\t\t<\/iframe>\r\n\t\t<textarea name=\"g-recaptcha-response\" rows=\"3\" cols=\"40\" placeholder=\"reCaptcha Response Here\">\r\n\t\t<\/textarea>\r\n\t<\/div>\r\n<\/noscript>\r\n<\/span>\n<\/p>\n<p><input class=\"wpcf7-form-control wpcf7-submit has-spinner\" type=\"submit\" value=\"Po\u0161alji\" \/>\n<\/p><div class=\"wpcf7-response-output\" aria-hidden=\"true\"><\/div>\n<\/form>\n<\/div>\n\n<p>[\/et_pb_text][et_pb_sidebar area=&#8221;et_pb_widget_area_1&#8243; _builder_version=&#8221;4.16&#8243; _module_preset=&#8221;default&#8221; custom_margin=&#8221;||75px||false|false&#8221; saved_tabs=&#8221;all&#8221; global_colors_info=&#8221;{}&#8221;][\/et_pb_sidebar][et_pb_text _builder_version=&#8221;4.16&#8243; _module_preset=&#8221;default&#8221; text_font=&#8221;|700|||||||&#8221; text_font_size=&#8221;23px&#8221; width=&#8221;91%&#8221; custom_margin=&#8221;||14px|||&#8221; custom_padding=&#8221;||15px||false|false&#8221; border_width_bottom=&#8221;1px&#8221; border_color_bottom=&#8221;#cccccc&#8221; global_colors_info=&#8221;{}&#8221;]<\/p>\n<p>PRATI NAS<\/p>\n<p>[\/et_pb_text][et_pb_social_media_follow _builder_version=&#8221;4.16&#8243; _module_preset=&#8221;default&#8221; saved_tabs=&#8221;all&#8221; global_colors_info=&#8221;{}&#8221;][et_pb_social_media_follow_network social_network=&#8221;facebook&#8221; url=&#8221;https:\/\/www.facebook.com\/effectus.studij\/&#8221; _builder_version=&#8221;4.16&#8243; _module_preset=&#8221;default&#8221; background_color=&#8221;#3b5998&#8243; global_colors_info=&#8221;{}&#8221; follow_button=&#8221;off&#8221; url_new_window=&#8221;on&#8221;]facebook[\/et_pb_social_media_follow_network][et_pb_social_media_follow_network social_network=&#8221;instagram&#8221; url=&#8221;https:\/\/www.instagram.com\/effectus.poduzetnicki.studiji\/&#8221; _builder_version=&#8221;4.16&#8243; _module_preset=&#8221;default&#8221; background_color=&#8221;#ea2c59&#8243; global_colors_info=&#8221;{}&#8221; follow_button=&#8221;off&#8221; url_new_window=&#8221;on&#8221;]instagram[\/et_pb_social_media_follow_network][et_pb_social_media_follow_network social_network=&#8221;linkedin&#8221; url=&#8221;https:\/\/hr.linkedin.com\/school\/effectus-university-college-for-law-and-finance\/&#8221; _builder_version=&#8221;4.16&#8243; _module_preset=&#8221;default&#8221; background_color=&#8221;#007bb6&#8243; global_colors_info=&#8221;{}&#8221; follow_button=&#8221;off&#8221; url_new_window=&#8221;on&#8221;]linkedin[\/et_pb_social_media_follow_network][et_pb_social_media_follow_network social_network=&#8221;youtube&#8221; url=&#8221;https:\/\/www.youtube.com\/user\/EFFECTUSTV&#8221; _builder_version=&#8221;4.16&#8243; _module_preset=&#8221;default&#8221; background_color=&#8221;#a82400&#8243; global_colors_info=&#8221;{}&#8221; follow_button=&#8221;off&#8221; url_new_window=&#8221;on&#8221;]youtube[\/et_pb_social_media_follow_network][\/et_pb_social_media_follow][\/et_pb_column][\/et_pb_row][\/et_pb_section]<\/p>\n","protected":false},"excerpt":{"rendered":"<p>EFFECTUS University of Applied Sciences participated as a partner and supporter of the regional entrepreneurship competition Business Challenge 2026, held on Thursday, February 26, 2026, at the XII Gymnasium in Zagreb for the region of Continental Croatia. Through this participation, EFFECTUS once again confirmed its commitment to promoting entrepreneurial competencies among young people and supporting [&hellip;]<\/p>\n","protected":false},"author":14,"featured_media":264595,"comment_status":"closed","ping_status":"closed","sticky":false,"template":"","format":"standard","meta":{"_et_pb_use_builder":"on","_et_pb_old_content":"","_et_gb_content_width":"","footnotes":""},"categories":[71,70,41],"tags":[],"yoast_head":"<!-- This site is optimized with the Yoast SEO plugin v22.7 - https:\/\/yoast.com\/wordpress\/plugins\/seo\/ -->\n<title>Support for Young Entrepreneurs: EFFECTUS University of Applied Sciences Partner of the Regional Competition \u201cBusiness Challenge 2026\u201d - EFFECTUS veleu\u010dili\u0161te<\/title>\n<meta name=\"robots\" content=\"index, follow, max-snippet:-1, max-image-preview:large, max-video-preview:-1\" \/>\n<link rel=\"canonical\" href=\"https:\/\/effectus.com.hr\/podrska-mladim-poduzetnicima-effectus-veleuciliste-partner-regionalnog-natjecanja-poslovni-izazov-2026\/\" \/>\n<meta property=\"og:locale\" content=\"en_US\" \/>\n<meta property=\"og:type\" content=\"article\" \/>\n<meta property=\"og:title\" content=\"Support for Young Entrepreneurs: EFFECTUS University of Applied Sciences Partner of the Regional Competition \u201cBusiness Challenge 2026\u201d - EFFECTUS veleu\u010dili\u0161te\" \/>\n<meta property=\"og:description\" content=\"EFFECTUS University of Applied Sciences participated as a partner and supporter of the regional entrepreneurship competition Business Challenge 2026, held on Thursday, February 26, 2026, at the XII Gymnasium in Zagreb for the region of Continental Croatia. Through this participation, EFFECTUS once again confirmed its commitment to promoting entrepreneurial competencies among young people and supporting [&hellip;]\" \/>\n<meta property=\"og:url\" content=\"https:\/\/effectus.com.hr\/podrska-mladim-poduzetnicima-effectus-veleuciliste-partner-regionalnog-natjecanja-poslovni-izazov-2026\/\" \/>\n<meta property=\"og:site_name\" content=\"EFFECTUS veleu\u010dili\u0161te\" \/>\n<meta property=\"article:published_time\" content=\"2026-03-12T11:48:39+00:00\" \/>\n<meta property=\"article:modified_time\" content=\"2026-03-12T11:50:33+00:00\" \/>\n<meta property=\"og:image\" content=\"https:\/\/effectus.com.hr\/wp-content\/uploads\/2026\/03\/1000105088-980x653-1.jpg\" \/>\n\t<meta property=\"og:image:width\" content=\"980\" \/>\n\t<meta property=\"og:image:height\" content=\"653\" \/>\n\t<meta property=\"og:image:type\" content=\"image\/jpeg\" \/>\n<meta name=\"author\" content=\"Klara Dumbovi\u0107\" \/>\n<meta name=\"twitter:card\" content=\"summary_large_image\" \/>\n<meta name=\"twitter:label1\" content=\"Written by\" \/>\n\t<meta name=\"twitter:data1\" content=\"Klara Dumbovi\u0107\" \/>\n\t<meta name=\"twitter:label2\" content=\"Est. reading time\" \/>\n\t<meta name=\"twitter:data2\" content=\"3 minutes\" \/>\n<script type=\"application\/ld+json\" class=\"yoast-schema-graph\">{\"@context\":\"https:\/\/schema.org\",\"@graph\":[{\"@type\":\"WebPage\",\"@id\":\"https:\/\/effectus.com.hr\/podrska-mladim-poduzetnicima-effectus-veleuciliste-partner-regionalnog-natjecanja-poslovni-izazov-2026\/\",\"url\":\"https:\/\/effectus.com.hr\/podrska-mladim-poduzetnicima-effectus-veleuciliste-partner-regionalnog-natjecanja-poslovni-izazov-2026\/\",\"name\":\"Support for Young Entrepreneurs: EFFECTUS University of Applied Sciences Partner of the Regional Competition \u201cBusiness Challenge 2026\u201d - EFFECTUS veleu\u010dili\u0161te\",\"isPartOf\":{\"@id\":\"https:\/\/effectus.com.hr\/#website\"},\"primaryImageOfPage\":{\"@id\":\"https:\/\/effectus.com.hr\/podrska-mladim-poduzetnicima-effectus-veleuciliste-partner-regionalnog-natjecanja-poslovni-izazov-2026\/#primaryimage\"},\"image\":{\"@id\":\"https:\/\/effectus.com.hr\/podrska-mladim-poduzetnicima-effectus-veleuciliste-partner-regionalnog-natjecanja-poslovni-izazov-2026\/#primaryimage\"},\"thumbnailUrl\":\"https:\/\/effectus.com.hr\/wp-content\/uploads\/2026\/03\/1000105088-980x653-1.jpg\",\"datePublished\":\"2026-03-12T11:48:39+00:00\",\"dateModified\":\"2026-03-12T11:50:33+00:00\",\"author\":{\"@id\":\"https:\/\/effectus.com.hr\/#\/schema\/person\/e3d600b3d55633e6ff0d3d8ee76cca57\"},\"breadcrumb\":{\"@id\":\"https:\/\/effectus.com.hr\/podrska-mladim-poduzetnicima-effectus-veleuciliste-partner-regionalnog-natjecanja-poslovni-izazov-2026\/#breadcrumb\"},\"inLanguage\":\"en-US\",\"potentialAction\":[{\"@type\":\"ReadAction\",\"target\":[\"https:\/\/effectus.com.hr\/podrska-mladim-poduzetnicima-effectus-veleuciliste-partner-regionalnog-natjecanja-poslovni-izazov-2026\/\"]}]},{\"@type\":\"ImageObject\",\"inLanguage\":\"en-US\",\"@id\":\"https:\/\/effectus.com.hr\/podrska-mladim-poduzetnicima-effectus-veleuciliste-partner-regionalnog-natjecanja-poslovni-izazov-2026\/#primaryimage\",\"url\":\"https:\/\/effectus.com.hr\/wp-content\/uploads\/2026\/03\/1000105088-980x653-1.jpg\",\"contentUrl\":\"https:\/\/effectus.com.hr\/wp-content\/uploads\/2026\/03\/1000105088-980x653-1.jpg\",\"width\":980,\"height\":653},{\"@type\":\"BreadcrumbList\",\"@id\":\"https:\/\/effectus.com.hr\/podrska-mladim-poduzetnicima-effectus-veleuciliste-partner-regionalnog-natjecanja-poslovni-izazov-2026\/#breadcrumb\",\"itemListElement\":[{\"@type\":\"ListItem\",\"position\":1,\"name\":\"Po\u010detna\",\"item\":\"https:\/\/effectus.com.hr\/en\/\"},{\"@type\":\"ListItem\",\"position\":2,\"name\":\"Support for Young Entrepreneurs: EFFECTUS University of Applied Sciences Partner of the Regional Competition \u201cBusiness Challenge 2026\u201d\"}]},{\"@type\":\"WebSite\",\"@id\":\"https:\/\/effectus.com.hr\/#website\",\"url\":\"https:\/\/effectus.com.hr\/\",\"name\":\"EFFECTUS veleu\u010dili\u0161te\",\"description\":\"\",\"potentialAction\":[{\"@type\":\"SearchAction\",\"target\":{\"@type\":\"EntryPoint\",\"urlTemplate\":\"https:\/\/effectus.com.hr\/?s={search_term_string}\"},\"query-input\":\"required name=search_term_string\"}],\"inLanguage\":\"en-US\"},{\"@type\":\"Person\",\"@id\":\"https:\/\/effectus.com.hr\/#\/schema\/person\/e3d600b3d55633e6ff0d3d8ee76cca57\",\"name\":\"Klara Dumbovi\u0107\",\"image\":{\"@type\":\"ImageObject\",\"inLanguage\":\"en-US\",\"@id\":\"https:\/\/effectus.com.hr\/#\/schema\/person\/image\/\",\"url\":\"https:\/\/secure.gravatar.com\/avatar\/9d3729bae98d5a1ea4ec81999dfc6e13?s=96&d=mm&r=g\",\"contentUrl\":\"https:\/\/secure.gravatar.com\/avatar\/9d3729bae98d5a1ea4ec81999dfc6e13?s=96&d=mm&r=g\",\"caption\":\"Klara Dumbovi\u0107\"},\"url\":\"https:\/\/effectus.com.hr\/en\/author\/kdumbovic\/\"}]}<\/script>\n<!-- \/ Yoast SEO plugin. -->","yoast_head_json":{"title":"Support for Young Entrepreneurs: EFFECTUS University of Applied Sciences Partner of the Regional Competition \u201cBusiness Challenge 2026\u201d - EFFECTUS veleu\u010dili\u0161te","robots":{"index":"index","follow":"follow","max-snippet":"max-snippet:-1","max-image-preview":"max-image-preview:large","max-video-preview":"max-video-preview:-1"},"canonical":"https:\/\/effectus.com.hr\/podrska-mladim-poduzetnicima-effectus-veleuciliste-partner-regionalnog-natjecanja-poslovni-izazov-2026\/","og_locale":"en_US","og_type":"article","og_title":"Support for Young Entrepreneurs: EFFECTUS University of Applied Sciences Partner of the Regional Competition \u201cBusiness Challenge 2026\u201d - EFFECTUS veleu\u010dili\u0161te","og_description":"EFFECTUS University of Applied Sciences participated as a partner and supporter of the regional entrepreneurship competition Business Challenge 2026, held on Thursday, February 26, 2026, at the XII Gymnasium in Zagreb for the region of Continental Croatia. Through this participation, EFFECTUS once again confirmed its commitment to promoting entrepreneurial competencies among young people and supporting [&hellip;]","og_url":"https:\/\/effectus.com.hr\/podrska-mladim-poduzetnicima-effectus-veleuciliste-partner-regionalnog-natjecanja-poslovni-izazov-2026\/","og_site_name":"EFFECTUS veleu\u010dili\u0161te","article_published_time":"2026-03-12T11:48:39+00:00","article_modified_time":"2026-03-12T11:50:33+00:00","og_image":[{"width":980,"height":653,"url":"https:\/\/effectus.com.hr\/wp-content\/uploads\/2026\/03\/1000105088-980x653-1.jpg","type":"image\/jpeg"}],"author":"Klara Dumbovi\u0107","twitter_card":"summary_large_image","twitter_misc":{"Written by":"Klara Dumbovi\u0107","Est. reading time":"3 minutes"},"schema":{"@context":"https:\/\/schema.org","@graph":[{"@type":"WebPage","@id":"https:\/\/effectus.com.hr\/podrska-mladim-poduzetnicima-effectus-veleuciliste-partner-regionalnog-natjecanja-poslovni-izazov-2026\/","url":"https:\/\/effectus.com.hr\/podrska-mladim-poduzetnicima-effectus-veleuciliste-partner-regionalnog-natjecanja-poslovni-izazov-2026\/","name":"Support for Young Entrepreneurs: EFFECTUS University of Applied Sciences Partner of the Regional Competition \u201cBusiness Challenge 2026\u201d - EFFECTUS veleu\u010dili\u0161te","isPartOf":{"@id":"https:\/\/effectus.com.hr\/#website"},"primaryImageOfPage":{"@id":"https:\/\/effectus.com.hr\/podrska-mladim-poduzetnicima-effectus-veleuciliste-partner-regionalnog-natjecanja-poslovni-izazov-2026\/#primaryimage"},"image":{"@id":"https:\/\/effectus.com.hr\/podrska-mladim-poduzetnicima-effectus-veleuciliste-partner-regionalnog-natjecanja-poslovni-izazov-2026\/#primaryimage"},"thumbnailUrl":"https:\/\/effectus.com.hr\/wp-content\/uploads\/2026\/03\/1000105088-980x653-1.jpg","datePublished":"2026-03-12T11:48:39+00:00","dateModified":"2026-03-12T11:50:33+00:00","author":{"@id":"https:\/\/effectus.com.hr\/#\/schema\/person\/e3d600b3d55633e6ff0d3d8ee76cca57"},"breadcrumb":{"@id":"https:\/\/effectus.com.hr\/podrska-mladim-poduzetnicima-effectus-veleuciliste-partner-regionalnog-natjecanja-poslovni-izazov-2026\/#breadcrumb"},"inLanguage":"en-US","potentialAction":[{"@type":"ReadAction","target":["https:\/\/effectus.com.hr\/podrska-mladim-poduzetnicima-effectus-veleuciliste-partner-regionalnog-natjecanja-poslovni-izazov-2026\/"]}]},{"@type":"ImageObject","inLanguage":"en-US","@id":"https:\/\/effectus.com.hr\/podrska-mladim-poduzetnicima-effectus-veleuciliste-partner-regionalnog-natjecanja-poslovni-izazov-2026\/#primaryimage","url":"https:\/\/effectus.com.hr\/wp-content\/uploads\/2026\/03\/1000105088-980x653-1.jpg","contentUrl":"https:\/\/effectus.com.hr\/wp-content\/uploads\/2026\/03\/1000105088-980x653-1.jpg","width":980,"height":653},{"@type":"BreadcrumbList","@id":"https:\/\/effectus.com.hr\/podrska-mladim-poduzetnicima-effectus-veleuciliste-partner-regionalnog-natjecanja-poslovni-izazov-2026\/#breadcrumb","itemListElement":[{"@type":"ListItem","position":1,"name":"Po\u010detna","item":"https:\/\/effectus.com.hr\/en\/"},{"@type":"ListItem","position":2,"name":"Support for Young Entrepreneurs: EFFECTUS University of Applied Sciences Partner of the Regional Competition \u201cBusiness Challenge 2026\u201d"}]},{"@type":"WebSite","@id":"https:\/\/effectus.com.hr\/#website","url":"https:\/\/effectus.com.hr\/","name":"EFFECTUS veleu\u010dili\u0161te","description":"","potentialAction":[{"@type":"SearchAction","target":{"@type":"EntryPoint","urlTemplate":"https:\/\/effectus.com.hr\/?s={search_term_string}"},"query-input":"required name=search_term_string"}],"inLanguage":"en-US"},{"@type":"Person","@id":"https:\/\/effectus.com.hr\/#\/schema\/person\/e3d600b3d55633e6ff0d3d8ee76cca57","name":"Klara Dumbovi\u0107","image":{"@type":"ImageObject","inLanguage":"en-US","@id":"https:\/\/effectus.com.hr\/#\/schema\/person\/image\/","url":"https:\/\/secure.gravatar.com\/avatar\/9d3729bae98d5a1ea4ec81999dfc6e13?s=96&d=mm&r=g","contentUrl":"https:\/\/secure.gravatar.com\/avatar\/9d3729bae98d5a1ea4ec81999dfc6e13?s=96&d=mm&r=g","caption":"Klara Dumbovi\u0107"},"url":"https:\/\/effectus.com.hr\/en\/author\/kdumbovic\/"}]}},"_links":{"self":[{"href":"https:\/\/effectus.com.hr\/en\/wp-json\/wp\/v2\/posts\/264598"}],"collection":[{"href":"https:\/\/effectus.com.hr\/en\/wp-json\/wp\/v2\/posts"}],"about":[{"href":"https:\/\/effectus.com.hr\/en\/wp-json\/wp\/v2\/types\/post"}],"author":[{"embeddable":true,"href":"https:\/\/effectus.com.hr\/en\/wp-json\/wp\/v2\/users\/14"}],"replies":[{"embeddable":true,"href":"https:\/\/effectus.com.hr\/en\/wp-json\/wp\/v2\/comments?post=264598"}],"version-history":[{"count":3,"href":"https:\/\/effectus.com.hr\/en\/wp-json\/wp\/v2\/posts\/264598\/revisions"}],"predecessor-version":[{"id":264602,"href":"https:\/\/effectus.com.hr\/en\/wp-json\/wp\/v2\/posts\/264598\/revisions\/264602"}],"wp:featuredmedia":[{"embeddable":true,"href":"https:\/\/effectus.com.hr\/en\/wp-json\/wp\/v2\/media\/264595"}],"wp:attachment":[{"href":"https:\/\/effectus.com.hr\/en\/wp-json\/wp\/v2\/media?parent=264598"}],"wp:term":[{"taxonomy":"category","embeddable":true,"href":"https:\/\/effectus.com.hr\/en\/wp-json\/wp\/v2\/categories?post=264598"},{"taxonomy":"post_tag","embeddable":true,"href":"https:\/\/effectus.com.hr\/en\/wp-json\/wp\/v2\/tags?post=264598"}],"curies":[{"name":"wp","href":"https:\/\/api.w.org\/{rel}","templated":true}]}}