{"id":264643,"date":"2026-03-12T15:12:29","date_gmt":"2026-03-12T14:12:29","guid":{"rendered":"https:\/\/effectus.com.hr\/?p=264643"},"modified":"2026-03-12T15:15:39","modified_gmt":"2026-03-12T14:15:39","slug":"buducnost-veleucilista-u-fokusu-rasprava-o-izmjenama-zakona-okupila-akademsku-zajednicu","status":"publish","type":"post","link":"https:\/\/effectus.com.hr\/en\/buducnost-veleucilista-u-fokusu-rasprava-o-izmjenama-zakona-okupila-akademsku-zajednicu\/","title":{"rendered":"The Future of Polytechnics in Focus: Discussion on Amendments to the Law Brings Together the Academic Community"},"content":{"rendered":"<p>[et_pb_section fb_built=&#8221;1&#8243; disabled_on=&#8221;off|off|off&#8221; _builder_version=&#8221;4.16&#8243; _module_preset=&#8221;default&#8221; background_color=&#8221;#777a7e&#8221; background_image=&#8221;https:\/\/effectus.com.hr\/wp-content\/uploads\/2021\/09\/shutterstock_1896527446-Copy.jpg&#8221; z_index=&#8221;99999999&#8243; custom_margin_tablet=&#8221;&#8221; custom_margin_phone=&#8221;-50px||-25px||false|false&#8221; custom_margin_last_edited=&#8221;on|phone&#8221; custom_padding=&#8221;20px||20px||true|false&#8221; saved_tabs=&#8221;all&#8221; global_colors_info=&#8221;{}&#8221;][\/et_pb_section][et_pb_section fb_built=&#8221;1&#8243; module_class=&#8221;eff-novosti&#8221; _builder_version=&#8221;4.16&#8243; global_colors_info=&#8221;{}&#8221;][et_pb_row column_structure=&#8221;2_3,1_3&#8243; _builder_version=&#8221;4.16&#8243; background_size=&#8221;initial&#8221; background_position=&#8221;top_left&#8221; background_repeat=&#8221;repeat&#8221; global_colors_info=&#8221;{}&#8221;][et_pb_column type=&#8221;2_3&#8243; _builder_version=&#8221;4.16&#8243; custom_padding=&#8221;|25px|||false|false&#8221; border_width_right=&#8221;1px&#8221; border_color_right=&#8221;#cccccc&#8221; global_colors_info=&#8221;{}&#8221; custom_padding__hover=&#8221;|||&#8221;][et_pb_post_title meta=&#8221;off&#8221; featured_image=&#8221;off&#8221; admin_label=&#8221;Naslov&#8221; _builder_version=&#8221;4.25.1&#8243; _module_preset=&#8221;default&#8221; title_text_color=&#8221;#333333&#8243; title_line_height=&#8221;1.5em&#8221; saved_tabs=&#8221;all&#8221; global_colors_info=&#8221;{}&#8221;][\/et_pb_post_title][et_pb_text _builder_version=&#8221;4.25.1&#8243; background_size=&#8221;initial&#8221; background_position=&#8221;top_left&#8221; background_repeat=&#8221;repeat&#8221; hover_enabled=&#8221;0&#8243; global_colors_info=&#8221;{}&#8221; sticky_enabled=&#8221;0&#8243;]<\/p>\n<p data-start=\"117\" data-end=\"375\"><strong>The discussion on amendments and additions to the Law on Higher Education and Scientific Activity was the focus of the 7th regular session of the Assembly of Polytechnics of the Republic of Croatia, held on March 9 at EFFECTUS University of Applied Sciences.<\/strong><\/p>\n<p data-start=\"377\" data-end=\"694\">The session brought together a large number of deans, vice-deans, and secretaries of polytechnics from across Croatia, as well as representatives of trade unions, students, and the relevant ministry, confirming the importance of open dialogue on key issues concerning the development of professional higher education.<\/p>\n<p data-start=\"696\" data-end=\"949\">In addition to the discussion on legislative amendments, the session also included a decision to dismiss the current president and appoint a new president of the Field Committee for Social Sciences and the Field Committee for the Interdisciplinary Area.<\/p>\n<p data-start=\"951\" data-end=\"1155\">The host of the session was the Dean of EFFECTUS University of Applied Sciences, PhD Jelena Uzelac, who emphasized the importance of jointly reflecting on the development of professional higher education:<\/p>\n<blockquote>\n<p data-start=\"1157\" data-end=\"1568\">\u201cUniversities of applied sciences play a key role in connecting education with the needs of the economy and the labour market. That is precisely why discussions such as this are extremely important \u2013 they allow us, through dialogue between the academic community, students, and decision-makers, to jointly shape a high-quality and sustainable development of the professional higher education system in Croatia.\u201d<\/p>\n<\/blockquote>\n<p data-start=\"1570\" data-end=\"1837\">Participants also discussed the appointment of members of a working group tasked with drafting proposals for amendments and additions to the National Polytechnic Criteria, as well as the Proposal for a List of Standardized Professional Titles and Their Abbreviations.<\/p>\n<p data-start=\"1839\" data-end=\"2057\" data-is-last-node=\"\" data-is-only-node=\"\">The session was marked by constructive discussion focused on the further improvement of the professional higher education system and strengthening the role of polytechnics in the development of the economy and society.<\/p>\n<p>[\/et_pb_text][et_pb_gallery gallery_ids=&#8221;264621,264639,264623,264641,264627,264633,264637,264625&#8243; posts_number=&#8221;10&#8243; _builder_version=&#8221;4.25.1&#8243; _module_preset=&#8221;default&#8221; title_text_color=&#8221;#FFFFFF&#8221; title_font_size=&#8221;1px&#8221; caption_text_color=&#8221;#FFFFFF&#8221; caption_font_size=&#8221;1px&#8221; caption_line_height=&#8221;1px&#8221; pagination_text_color=&#8221;#FFFFFF&#8221; pagination_font_size=&#8221;1px&#8221; global_colors_info=&#8221;{}&#8221;][\/et_pb_gallery][\/et_pb_column][et_pb_column type=&#8221;1_3&#8243; _builder_version=&#8221;4.16&#8243; custom_padding=&#8221;|||&#8221; global_colors_info=&#8221;{}&#8221; custom_padding__hover=&#8221;|||&#8221;][et_pb_text _builder_version=&#8221;4.16&#8243; _module_preset=&#8221;default&#8221; text_font=&#8221;|700|||||||&#8221; text_font_size=&#8221;23px&#8221; width=&#8221;91%&#8221; custom_margin=&#8221;||14px|||&#8221; custom_padding=&#8221;||15px||false|false&#8221; border_width_bottom=&#8221;1px&#8221; border_color_bottom=&#8221;#cccccc&#8221; saved_tabs=&#8221;all&#8221; global_colors_info=&#8221;{}&#8221;]<\/p>\n<p>POSTANI NA\u0160 STUDENT<\/p>\n<p>[\/et_pb_text][et_pb_text _builder_version=&#8221;4.16&#8243; _module_preset=&#8221;default&#8221; text_font=&#8221;||||||||&#8221; text_text_color=&#8221;#0065b3&#8243; text_font_size=&#8221;18px&#8221; text_line_height=&#8221;1.6em&#8221; width=&#8221;91%&#8221; custom_padding=&#8221;||47px|||&#8221; saved_tabs=&#8221;all&#8221; global_colors_info=&#8221;{}&#8221;]<\/p>\n<p>Ispuni obrazac i kontaktirat \u0107emo te za vi\u0161e informacija<\/p>\n\n<div class=\"wpcf7 no-js\" id=\"wpcf7-f221-o1\" lang=\"hr\" dir=\"ltr\">\n<div class=\"screen-reader-response\"><p role=\"status\" aria-live=\"polite\" aria-atomic=\"true\"><\/p> <ul><\/ul><\/div>\n<form action=\"\/en\/wp-json\/wp\/v2\/posts\/264643#wpcf7-f221-o1\" method=\"post\" class=\"wpcf7-form init\" aria-label=\"Kontakt obrazac\" novalidate=\"novalidate\" data-status=\"init\">\n<div style=\"display: none;\">\n<input type=\"hidden\" name=\"_wpcf7\" value=\"221\" \/>\n<input type=\"hidden\" name=\"_wpcf7_version\" value=\"5.9.4\" \/>\n<input type=\"hidden\" name=\"_wpcf7_locale\" value=\"hr\" \/>\n<input type=\"hidden\" name=\"_wpcf7_unit_tag\" value=\"wpcf7-f221-o1\" \/>\n<input type=\"hidden\" name=\"_wpcf7_container_post\" value=\"0\" \/>\n<input type=\"hidden\" name=\"_wpcf7_posted_data_hash\" value=\"\" \/>\n<input type=\"hidden\" name=\"_wpcf7_recaptcha_response\" value=\"\" \/>\n<\/div>\n<p><span class=\"wpcf7-form-control-wrap\" data-name=\"your-name\"><input size=\"40\" class=\"wpcf7-form-control wpcf7-text wpcf7-validates-as-required\" aria-required=\"true\" aria-invalid=\"false\" placeholder=\"Ime i prezime\" value=\"\" type=\"text\" name=\"your-name\" \/><\/span>\n<\/p>\n<p><br \/>\n<span class=\"wpcf7-form-control-wrap\" data-name=\"your-email\"><input size=\"40\" class=\"wpcf7-form-control wpcf7-email wpcf7-validates-as-required wpcf7-text wpcf7-validates-as-email\" aria-required=\"true\" aria-invalid=\"false\" placeholder=\"Email\" value=\"\" type=\"email\" name=\"your-email\" \/><\/span>\n<\/p>\n<p><br \/>\n<span class=\"wpcf7-form-control-wrap\" data-name=\"text-625\"><input size=\"40\" class=\"wpcf7-form-control wpcf7-text\" aria-invalid=\"false\" placeholder=\"Telefon\" value=\"\" type=\"text\" name=\"text-625\" \/><\/span>\n<\/p>\n<p><br \/>\n<span class=\"wpcf7-form-control-wrap\" data-name=\"your-message\"><textarea cols=\"40\" rows=\"10\" class=\"wpcf7-form-control wpcf7-textarea\" aria-invalid=\"false\" placeholder=\"Poruka\" name=\"your-message\"><\/textarea><\/span>\n<\/p>\n<p>Predajom\/slanjem ove prijave dajem svoju suglasnost EFFECTUS da u njoj navedene osobne podatke prikuplja, obra\u0111uje i pohranjuje u svrhu provedbe predmetne prijave, upisa na studij, u svrhu kontaktiranja, u svrhu sklapanja ugovora. Potvr\u0111ujem da sam prije slanja prijave upoznat\/a sa svojim pravima i ostalim postupanjima u odnosu na prikupljanje, obradu, objavu i pohranu mojih osobnih podataka u predmetne svrhe, kao i sa upravljanje privolama, te da \u0107e biti za\u0161ti\u0107eni od pristupa neovla\u0161tenih osoba, te pohranjeni na sigurno mjesto i \u010duvani u skladu s uvjetima i rokovima predvi\u0111enim zakonskim propisima, aktima i odlukama EFFECTUS-a. Potvr\u0111ujem da sam upoznat\/a da svoja prava i postupanja u odnosu na moje osobne podatke mogu vidjeti i na web stranici <a href=\"https:\/\/effectus.com.hr\/politika-privatnosti\/\">https:\/\/effectus.com.hr\/politika-privatnosti\/.<\/a>\n<\/p>\n<p>\n<span class=\"wpcf7-form-control-wrap recaptcha\" data-name=\"recaptcha\"><span data-sitekey=\"6LdUiQYqAAAAAFL9ow_BRLvXuhg1V3tSJnNxSHc_\" class=\"wpcf7-form-control wpcf7-recaptcha g-recaptcha\"><\/span>\r\n<noscript>\r\n\t<div class=\"grecaptcha-noscript\">\r\n\t\t<iframe loading=\"lazy\" src=\"https:\/\/www.google.com\/recaptcha\/api\/fallback?k=6LdUiQYqAAAAAFL9ow_BRLvXuhg1V3tSJnNxSHc_\" frameborder=\"0\" scrolling=\"no\" width=\"310\" height=\"430\">\r\n\t\t<\/iframe>\r\n\t\t<textarea name=\"g-recaptcha-response\" rows=\"3\" cols=\"40\" placeholder=\"reCaptcha Response Here\">\r\n\t\t<\/textarea>\r\n\t<\/div>\r\n<\/noscript>\r\n<\/span>\n<\/p>\n<p><input class=\"wpcf7-form-control wpcf7-submit has-spinner\" type=\"submit\" value=\"Po\u0161alji\" \/>\n<\/p><div class=\"wpcf7-response-output\" aria-hidden=\"true\"><\/div>\n<\/form>\n<\/div>\n\n<p>[\/et_pb_text][et_pb_sidebar area=&#8221;et_pb_widget_area_1&#8243; _builder_version=&#8221;4.16&#8243; _module_preset=&#8221;default&#8221; custom_margin=&#8221;||75px||false|false&#8221; saved_tabs=&#8221;all&#8221; global_colors_info=&#8221;{}&#8221;][\/et_pb_sidebar][et_pb_text _builder_version=&#8221;4.16&#8243; _module_preset=&#8221;default&#8221; text_font=&#8221;|700|||||||&#8221; text_font_size=&#8221;23px&#8221; width=&#8221;91%&#8221; custom_margin=&#8221;||14px|||&#8221; custom_padding=&#8221;||15px||false|false&#8221; border_width_bottom=&#8221;1px&#8221; border_color_bottom=&#8221;#cccccc&#8221; global_colors_info=&#8221;{}&#8221;]<\/p>\n<p>PRATI NAS<\/p>\n<p>[\/et_pb_text][et_pb_social_media_follow _builder_version=&#8221;4.16&#8243; _module_preset=&#8221;default&#8221; saved_tabs=&#8221;all&#8221; global_colors_info=&#8221;{}&#8221;][et_pb_social_media_follow_network social_network=&#8221;facebook&#8221; url=&#8221;https:\/\/www.facebook.com\/effectus.studij\/&#8221; _builder_version=&#8221;4.16&#8243; _module_preset=&#8221;default&#8221; background_color=&#8221;#3b5998&#8243; global_colors_info=&#8221;{}&#8221; follow_button=&#8221;off&#8221; url_new_window=&#8221;on&#8221;]facebook[\/et_pb_social_media_follow_network][et_pb_social_media_follow_network social_network=&#8221;instagram&#8221; url=&#8221;https:\/\/www.instagram.com\/effectus.poduzetnicki.studiji\/&#8221; _builder_version=&#8221;4.16&#8243; _module_preset=&#8221;default&#8221; background_color=&#8221;#ea2c59&#8243; global_colors_info=&#8221;{}&#8221; follow_button=&#8221;off&#8221; url_new_window=&#8221;on&#8221;]instagram[\/et_pb_social_media_follow_network][et_pb_social_media_follow_network social_network=&#8221;linkedin&#8221; url=&#8221;https:\/\/hr.linkedin.com\/school\/effectus-university-college-for-law-and-finance\/&#8221; _builder_version=&#8221;4.16&#8243; _module_preset=&#8221;default&#8221; background_color=&#8221;#007bb6&#8243; global_colors_info=&#8221;{}&#8221; follow_button=&#8221;off&#8221; url_new_window=&#8221;on&#8221;]linkedin[\/et_pb_social_media_follow_network][et_pb_social_media_follow_network social_network=&#8221;youtube&#8221; url=&#8221;https:\/\/www.youtube.com\/user\/EFFECTUSTV&#8221; _builder_version=&#8221;4.16&#8243; _module_preset=&#8221;default&#8221; background_color=&#8221;#a82400&#8243; global_colors_info=&#8221;{}&#8221; follow_button=&#8221;off&#8221; url_new_window=&#8221;on&#8221;]youtube[\/et_pb_social_media_follow_network][\/et_pb_social_media_follow][\/et_pb_column][\/et_pb_row][\/et_pb_section]<\/p>\n","protected":false},"excerpt":{"rendered":"<p>The discussion on amendments and additions to the Law on Higher Education and Scientific Activity was the focus of the 7th regular session of the Assembly of Polytechnics of the Republic of Croatia, held on March 9 at EFFECTUS University of Applied Sciences. The session brought together a large number of deans, vice-deans, and secretaries [&hellip;]<\/p>\n","protected":false},"author":14,"featured_media":264622,"comment_status":"closed","ping_status":"closed","sticky":false,"template":"","format":"standard","meta":{"_et_pb_use_builder":"on","_et_pb_old_content":"","_et_gb_content_width":"","footnotes":""},"categories":[71,70,41],"tags":[],"yoast_head":"<!-- This site is optimized with the Yoast SEO plugin v22.7 - https:\/\/yoast.com\/wordpress\/plugins\/seo\/ -->\n<title>The Future of Polytechnics in Focus: Discussion on Amendments to the Law Brings Together the Academic Community - EFFECTUS veleu\u010dili\u0161te<\/title>\n<meta name=\"robots\" content=\"index, follow, max-snippet:-1, max-image-preview:large, max-video-preview:-1\" \/>\n<link rel=\"canonical\" href=\"https:\/\/effectus.com.hr\/en\/buducnost-veleucilista-u-fokusu-rasprava-o-izmjenama-zakona-okupila-akademsku-zajednicu\/\" \/>\n<meta property=\"og:locale\" content=\"en_US\" \/>\n<meta property=\"og:type\" content=\"article\" \/>\n<meta property=\"og:title\" content=\"The Future of Polytechnics in Focus: Discussion on Amendments to the Law Brings Together the Academic Community - EFFECTUS veleu\u010dili\u0161te\" \/>\n<meta property=\"og:description\" content=\"The discussion on amendments and additions to the Law on Higher Education and Scientific Activity was the focus of the 7th regular session of the Assembly of Polytechnics of the Republic of Croatia, held on March 9 at EFFECTUS University of Applied Sciences. The session brought together a large number of deans, vice-deans, and secretaries [&hellip;]\" \/>\n<meta property=\"og:url\" content=\"https:\/\/effectus.com.hr\/en\/buducnost-veleucilista-u-fokusu-rasprava-o-izmjenama-zakona-okupila-akademsku-zajednicu\/\" \/>\n<meta property=\"og:site_name\" content=\"EFFECTUS veleu\u010dili\u0161te\" \/>\n<meta property=\"article:published_time\" content=\"2026-03-12T14:12:29+00:00\" \/>\n<meta property=\"article:modified_time\" content=\"2026-03-12T14:15:39+00:00\" \/>\n<meta property=\"og:image\" content=\"https:\/\/effectus.com.hr\/wp-content\/uploads\/2026\/03\/IMG_0370-scaled.jpeg\" \/>\n\t<meta property=\"og:image:width\" content=\"2560\" \/>\n\t<meta property=\"og:image:height\" content=\"1595\" \/>\n\t<meta property=\"og:image:type\" content=\"image\/jpeg\" \/>\n<meta name=\"author\" content=\"Klara Dumbovi\u0107\" \/>\n<meta name=\"twitter:card\" content=\"summary_large_image\" \/>\n<meta name=\"twitter:label1\" content=\"Written by\" \/>\n\t<meta name=\"twitter:data1\" content=\"Klara Dumbovi\u0107\" \/>\n\t<meta name=\"twitter:label2\" content=\"Est. reading time\" \/>\n\t<meta name=\"twitter:data2\" content=\"4 minutes\" \/>\n<script type=\"application\/ld+json\" class=\"yoast-schema-graph\">{\"@context\":\"https:\/\/schema.org\",\"@graph\":[{\"@type\":\"WebPage\",\"@id\":\"https:\/\/effectus.com.hr\/en\/buducnost-veleucilista-u-fokusu-rasprava-o-izmjenama-zakona-okupila-akademsku-zajednicu\/\",\"url\":\"https:\/\/effectus.com.hr\/en\/buducnost-veleucilista-u-fokusu-rasprava-o-izmjenama-zakona-okupila-akademsku-zajednicu\/\",\"name\":\"The Future of Polytechnics in Focus: Discussion on Amendments to the Law Brings Together the Academic Community - EFFECTUS veleu\u010dili\u0161te\",\"isPartOf\":{\"@id\":\"https:\/\/effectus.com.hr\/#website\"},\"primaryImageOfPage\":{\"@id\":\"https:\/\/effectus.com.hr\/en\/buducnost-veleucilista-u-fokusu-rasprava-o-izmjenama-zakona-okupila-akademsku-zajednicu\/#primaryimage\"},\"image\":{\"@id\":\"https:\/\/effectus.com.hr\/en\/buducnost-veleucilista-u-fokusu-rasprava-o-izmjenama-zakona-okupila-akademsku-zajednicu\/#primaryimage\"},\"thumbnailUrl\":\"https:\/\/effectus.com.hr\/wp-content\/uploads\/2026\/03\/IMG_0370-scaled.jpeg\",\"datePublished\":\"2026-03-12T14:12:29+00:00\",\"dateModified\":\"2026-03-12T14:15:39+00:00\",\"author\":{\"@id\":\"https:\/\/effectus.com.hr\/#\/schema\/person\/e3d600b3d55633e6ff0d3d8ee76cca57\"},\"breadcrumb\":{\"@id\":\"https:\/\/effectus.com.hr\/en\/buducnost-veleucilista-u-fokusu-rasprava-o-izmjenama-zakona-okupila-akademsku-zajednicu\/#breadcrumb\"},\"inLanguage\":\"en-US\",\"potentialAction\":[{\"@type\":\"ReadAction\",\"target\":[\"https:\/\/effectus.com.hr\/en\/buducnost-veleucilista-u-fokusu-rasprava-o-izmjenama-zakona-okupila-akademsku-zajednicu\/\"]}]},{\"@type\":\"ImageObject\",\"inLanguage\":\"en-US\",\"@id\":\"https:\/\/effectus.com.hr\/en\/buducnost-veleucilista-u-fokusu-rasprava-o-izmjenama-zakona-okupila-akademsku-zajednicu\/#primaryimage\",\"url\":\"https:\/\/effectus.com.hr\/wp-content\/uploads\/2026\/03\/IMG_0370-scaled.jpeg\",\"contentUrl\":\"https:\/\/effectus.com.hr\/wp-content\/uploads\/2026\/03\/IMG_0370-scaled.jpeg\",\"width\":2560,\"height\":1595},{\"@type\":\"BreadcrumbList\",\"@id\":\"https:\/\/effectus.com.hr\/en\/buducnost-veleucilista-u-fokusu-rasprava-o-izmjenama-zakona-okupila-akademsku-zajednicu\/#breadcrumb\",\"itemListElement\":[{\"@type\":\"ListItem\",\"position\":1,\"name\":\"Po\u010detna\",\"item\":\"https:\/\/effectus.com.hr\/en\/\"},{\"@type\":\"ListItem\",\"position\":2,\"name\":\"The Future of Polytechnics in Focus: Discussion on Amendments to the Law Brings Together the Academic Community\"}]},{\"@type\":\"WebSite\",\"@id\":\"https:\/\/effectus.com.hr\/#website\",\"url\":\"https:\/\/effectus.com.hr\/\",\"name\":\"EFFECTUS veleu\u010dili\u0161te\",\"description\":\"\",\"potentialAction\":[{\"@type\":\"SearchAction\",\"target\":{\"@type\":\"EntryPoint\",\"urlTemplate\":\"https:\/\/effectus.com.hr\/?s={search_term_string}\"},\"query-input\":\"required name=search_term_string\"}],\"inLanguage\":\"en-US\"},{\"@type\":\"Person\",\"@id\":\"https:\/\/effectus.com.hr\/#\/schema\/person\/e3d600b3d55633e6ff0d3d8ee76cca57\",\"name\":\"Klara Dumbovi\u0107\",\"image\":{\"@type\":\"ImageObject\",\"inLanguage\":\"en-US\",\"@id\":\"https:\/\/effectus.com.hr\/#\/schema\/person\/image\/\",\"url\":\"https:\/\/secure.gravatar.com\/avatar\/9d3729bae98d5a1ea4ec81999dfc6e13?s=96&d=mm&r=g\",\"contentUrl\":\"https:\/\/secure.gravatar.com\/avatar\/9d3729bae98d5a1ea4ec81999dfc6e13?s=96&d=mm&r=g\",\"caption\":\"Klara Dumbovi\u0107\"},\"url\":\"https:\/\/effectus.com.hr\/en\/author\/kdumbovic\/\"}]}<\/script>\n<!-- \/ Yoast SEO plugin. -->","yoast_head_json":{"title":"The Future of Polytechnics in Focus: Discussion on Amendments to the Law Brings Together the Academic Community - EFFECTUS veleu\u010dili\u0161te","robots":{"index":"index","follow":"follow","max-snippet":"max-snippet:-1","max-image-preview":"max-image-preview:large","max-video-preview":"max-video-preview:-1"},"canonical":"https:\/\/effectus.com.hr\/en\/buducnost-veleucilista-u-fokusu-rasprava-o-izmjenama-zakona-okupila-akademsku-zajednicu\/","og_locale":"en_US","og_type":"article","og_title":"The Future of Polytechnics in Focus: Discussion on Amendments to the Law Brings Together the Academic Community - EFFECTUS veleu\u010dili\u0161te","og_description":"The discussion on amendments and additions to the Law on Higher Education and Scientific Activity was the focus of the 7th regular session of the Assembly of Polytechnics of the Republic of Croatia, held on March 9 at EFFECTUS University of Applied Sciences. The session brought together a large number of deans, vice-deans, and secretaries [&hellip;]","og_url":"https:\/\/effectus.com.hr\/en\/buducnost-veleucilista-u-fokusu-rasprava-o-izmjenama-zakona-okupila-akademsku-zajednicu\/","og_site_name":"EFFECTUS veleu\u010dili\u0161te","article_published_time":"2026-03-12T14:12:29+00:00","article_modified_time":"2026-03-12T14:15:39+00:00","og_image":[{"width":2560,"height":1595,"url":"https:\/\/effectus.com.hr\/wp-content\/uploads\/2026\/03\/IMG_0370-scaled.jpeg","type":"image\/jpeg"}],"author":"Klara Dumbovi\u0107","twitter_card":"summary_large_image","twitter_misc":{"Written by":"Klara Dumbovi\u0107","Est. reading time":"4 minutes"},"schema":{"@context":"https:\/\/schema.org","@graph":[{"@type":"WebPage","@id":"https:\/\/effectus.com.hr\/en\/buducnost-veleucilista-u-fokusu-rasprava-o-izmjenama-zakona-okupila-akademsku-zajednicu\/","url":"https:\/\/effectus.com.hr\/en\/buducnost-veleucilista-u-fokusu-rasprava-o-izmjenama-zakona-okupila-akademsku-zajednicu\/","name":"The Future of Polytechnics in Focus: Discussion on Amendments to the Law Brings Together the Academic Community - EFFECTUS veleu\u010dili\u0161te","isPartOf":{"@id":"https:\/\/effectus.com.hr\/#website"},"primaryImageOfPage":{"@id":"https:\/\/effectus.com.hr\/en\/buducnost-veleucilista-u-fokusu-rasprava-o-izmjenama-zakona-okupila-akademsku-zajednicu\/#primaryimage"},"image":{"@id":"https:\/\/effectus.com.hr\/en\/buducnost-veleucilista-u-fokusu-rasprava-o-izmjenama-zakona-okupila-akademsku-zajednicu\/#primaryimage"},"thumbnailUrl":"https:\/\/effectus.com.hr\/wp-content\/uploads\/2026\/03\/IMG_0370-scaled.jpeg","datePublished":"2026-03-12T14:12:29+00:00","dateModified":"2026-03-12T14:15:39+00:00","author":{"@id":"https:\/\/effectus.com.hr\/#\/schema\/person\/e3d600b3d55633e6ff0d3d8ee76cca57"},"breadcrumb":{"@id":"https:\/\/effectus.com.hr\/en\/buducnost-veleucilista-u-fokusu-rasprava-o-izmjenama-zakona-okupila-akademsku-zajednicu\/#breadcrumb"},"inLanguage":"en-US","potentialAction":[{"@type":"ReadAction","target":["https:\/\/effectus.com.hr\/en\/buducnost-veleucilista-u-fokusu-rasprava-o-izmjenama-zakona-okupila-akademsku-zajednicu\/"]}]},{"@type":"ImageObject","inLanguage":"en-US","@id":"https:\/\/effectus.com.hr\/en\/buducnost-veleucilista-u-fokusu-rasprava-o-izmjenama-zakona-okupila-akademsku-zajednicu\/#primaryimage","url":"https:\/\/effectus.com.hr\/wp-content\/uploads\/2026\/03\/IMG_0370-scaled.jpeg","contentUrl":"https:\/\/effectus.com.hr\/wp-content\/uploads\/2026\/03\/IMG_0370-scaled.jpeg","width":2560,"height":1595},{"@type":"BreadcrumbList","@id":"https:\/\/effectus.com.hr\/en\/buducnost-veleucilista-u-fokusu-rasprava-o-izmjenama-zakona-okupila-akademsku-zajednicu\/#breadcrumb","itemListElement":[{"@type":"ListItem","position":1,"name":"Po\u010detna","item":"https:\/\/effectus.com.hr\/en\/"},{"@type":"ListItem","position":2,"name":"The Future of Polytechnics in Focus: Discussion on Amendments to the Law Brings Together the Academic Community"}]},{"@type":"WebSite","@id":"https:\/\/effectus.com.hr\/#website","url":"https:\/\/effectus.com.hr\/","name":"EFFECTUS veleu\u010dili\u0161te","description":"","potentialAction":[{"@type":"SearchAction","target":{"@type":"EntryPoint","urlTemplate":"https:\/\/effectus.com.hr\/?s={search_term_string}"},"query-input":"required name=search_term_string"}],"inLanguage":"en-US"},{"@type":"Person","@id":"https:\/\/effectus.com.hr\/#\/schema\/person\/e3d600b3d55633e6ff0d3d8ee76cca57","name":"Klara Dumbovi\u0107","image":{"@type":"ImageObject","inLanguage":"en-US","@id":"https:\/\/effectus.com.hr\/#\/schema\/person\/image\/","url":"https:\/\/secure.gravatar.com\/avatar\/9d3729bae98d5a1ea4ec81999dfc6e13?s=96&d=mm&r=g","contentUrl":"https:\/\/secure.gravatar.com\/avatar\/9d3729bae98d5a1ea4ec81999dfc6e13?s=96&d=mm&r=g","caption":"Klara Dumbovi\u0107"},"url":"https:\/\/effectus.com.hr\/en\/author\/kdumbovic\/"}]}},"_links":{"self":[{"href":"https:\/\/effectus.com.hr\/en\/wp-json\/wp\/v2\/posts\/264643"}],"collection":[{"href":"https:\/\/effectus.com.hr\/en\/wp-json\/wp\/v2\/posts"}],"about":[{"href":"https:\/\/effectus.com.hr\/en\/wp-json\/wp\/v2\/types\/post"}],"author":[{"embeddable":true,"href":"https:\/\/effectus.com.hr\/en\/wp-json\/wp\/v2\/users\/14"}],"replies":[{"embeddable":true,"href":"https:\/\/effectus.com.hr\/en\/wp-json\/wp\/v2\/comments?post=264643"}],"version-history":[{"count":3,"href":"https:\/\/effectus.com.hr\/en\/wp-json\/wp\/v2\/posts\/264643\/revisions"}],"predecessor-version":[{"id":264648,"href":"https:\/\/effectus.com.hr\/en\/wp-json\/wp\/v2\/posts\/264643\/revisions\/264648"}],"wp:featuredmedia":[{"embeddable":true,"href":"https:\/\/effectus.com.hr\/en\/wp-json\/wp\/v2\/media\/264622"}],"wp:attachment":[{"href":"https:\/\/effectus.com.hr\/en\/wp-json\/wp\/v2\/media?parent=264643"}],"wp:term":[{"taxonomy":"category","embeddable":true,"href":"https:\/\/effectus.com.hr\/en\/wp-json\/wp\/v2\/categories?post=264643"},{"taxonomy":"post_tag","embeddable":true,"href":"https:\/\/effectus.com.hr\/en\/wp-json\/wp\/v2\/tags?post=264643"}],"curies":[{"name":"wp","href":"https:\/\/api.w.org\/{rel}","templated":true}]}}