{"id":264713,"date":"2026-03-16T17:15:18","date_gmt":"2026-03-16T16:15:18","guid":{"rendered":"https:\/\/effectus.com.hr\/?p=264713"},"modified":"2026-03-16T17:45:25","modified_gmt":"2026-03-16T16:45:25","slug":"poslovi-buducnosti-traze-nove-vjestine-dekanica-jelena-uzelac-o-kritickom-razmisljanju-praksi-i-poduzetnickom-razmisljanju-mladih","status":"publish","type":"post","link":"https:\/\/effectus.com.hr\/en\/poslovi-buducnosti-traze-nove-vjestine-dekanica-jelena-uzelac-o-kritickom-razmisljanju-praksi-i-poduzetnickom-razmisljanju-mladih\/","title":{"rendered":"Jobs of the Future Require New Skills: Dean Jelena Uzelac on Critical Thinking, Practical Experience, and the Entrepreneurial Mindset of Young People"},"content":{"rendered":"<p>[et_pb_section fb_built=&#8221;1&#8243; disabled_on=&#8221;off|off|off&#8221; _builder_version=&#8221;4.16&#8243; _module_preset=&#8221;default&#8221; background_color=&#8221;#777a7e&#8221; background_image=&#8221;https:\/\/effectus.com.hr\/wp-content\/uploads\/2021\/09\/shutterstock_1896527446-Copy.jpg&#8221; z_index=&#8221;99999999&#8243; custom_margin_tablet=&#8221;&#8221; custom_margin_phone=&#8221;-50px||-25px||false|false&#8221; custom_margin_last_edited=&#8221;on|phone&#8221; custom_padding=&#8221;20px||20px||true|false&#8221; saved_tabs=&#8221;all&#8221; global_colors_info=&#8221;{}&#8221;][\/et_pb_section][et_pb_section fb_built=&#8221;1&#8243; module_class=&#8221;eff-novosti&#8221; _builder_version=&#8221;4.16&#8243; global_colors_info=&#8221;{}&#8221;][et_pb_row column_structure=&#8221;2_3,1_3&#8243; _builder_version=&#8221;4.16&#8243; background_size=&#8221;initial&#8221; background_position=&#8221;top_left&#8221; background_repeat=&#8221;repeat&#8221; global_colors_info=&#8221;{}&#8221;][et_pb_column type=&#8221;2_3&#8243; _builder_version=&#8221;4.16&#8243; custom_padding=&#8221;|25px|||false|false&#8221; border_width_right=&#8221;1px&#8221; border_color_right=&#8221;#cccccc&#8221; global_colors_info=&#8221;{}&#8221; custom_padding__hover=&#8221;|||&#8221;][et_pb_post_title meta=&#8221;off&#8221; featured_image=&#8221;off&#8221; admin_label=&#8221;Naslov&#8221; _builder_version=&#8221;4.25.1&#8243; _module_preset=&#8221;default&#8221; title_text_color=&#8221;#333333&#8243; title_line_height=&#8221;1.5em&#8221; saved_tabs=&#8221;all&#8221; global_colors_info=&#8221;{}&#8221;][\/et_pb_post_title][et_pb_text _builder_version=&#8221;4.25.1&#8243; background_size=&#8221;initial&#8221; background_position=&#8221;top_left&#8221; background_repeat=&#8221;repeat&#8221; hover_enabled=&#8221;0&#8243; global_colors_info=&#8221;{}&#8221; sticky_enabled=&#8221;0&#8243;]<\/p>\n<ul>\n<li data-start=\"155\" data-end=\"520\"><strong data-start=\"155\" data-end=\"204\">The labor market is changing faster than ever<\/strong><\/li>\n<li data-start=\"155\" data-end=\"520\"><strong data-start=\"207\" data-end=\"260\">Practical experience builds confidence and skills<\/strong><\/li>\n<li data-start=\"155\" data-end=\"520\"><strong data-start=\"263\" data-end=\"331\">Financial literacy is not a privilege reserved for entrepreneurs<\/strong><\/li>\n<li data-start=\"155\" data-end=\"520\"><strong data-start=\"334\" data-end=\"389\">Resilience and perseverance are the keys to success<\/strong><\/li>\n<li data-start=\"155\" data-end=\"520\"><strong data-start=\"392\" data-end=\"520\">Entrepreneurship begins with small steps \u2013 It is better to test an idea on a small scale than wait for the \u201cperfect moment.\u201d<\/strong><\/li>\n<\/ul>\n<p>&nbsp;<\/p>\n<p data-start=\"155\" data-end=\"520\">The modern labor market is changing faster than ever before \u2013 which is precisely why young people need to develop transferable skills such as critical thinking, problem-solving, communication competencies, and digital literacy. This was emphasized by the Dean of Effectus University of Applied Sciences, <strong data-start=\"826\" data-end=\"847\">Dr. Jelena Uzelac<\/strong>, in an interview for the portal srednja.hr. She highlighted that these skills are essential for navigating a world in which new technologies, artificial intelligence, and automation are constantly transforming the way we work and creating entirely new professions. Such competencies, she notes, enable young people to adapt more easily to change and actively shape their own professional paths.<\/p>\n<p data-start=\"1244\" data-end=\"1591\">The Dean points out that in such an environment it is equally important to know how to learn, analyze, and adapt as it is to acquire specific knowledge. Many jobs that exist today did not even exist ten years ago, while entirely new professions have emerged, for example in fields such as social media management, data analysis, and cybersecurity.<\/p>\n<p data-start=\"1593\" data-end=\"2043\">She particularly emphasizes the importance of connecting theory and practice in education. Participation in projects, competitions, and initiatives allows young people to turn ideas into concrete solutions while developing independence, teamwork, and organizational skills. Working on real tasks, Uzelac says, gives students insight into how an idea moves from concept to realization, as well as how to deal with challenges and unexpected situations.<\/p>\n<p data-start=\"2045\" data-end=\"2499\">Another topic that is receiving increasing attention is financial literacy. According to the Dean, it is not only important for entrepreneurs but for anyone who makes financial decisions throughout their life \u2013 from managing a personal budget to understanding loans, savings, or investments. Understanding concepts such as interest rates or inflation, she notes, helps citizens make informed decisions and protects them from long-term financial mistakes.<\/p>\n<p data-start=\"2501\" data-end=\"2872\">In the interview, she also stressed the importance of resilience \u2013 a skill that is often not formally assessed in schools but has a major impact on success in real life. Mistakes and failures, she believes, are an integral part of the learning process, and the ability to learn from them and move forward is one of the most valuable competencies young people can develop.<\/p>\n<p data-start=\"2874\" data-end=\"3304\">The Dean also highlighted that entrepreneurship does not necessarily begin with large amounts of capital. Knowledge, a network of contacts, reputation, and the willingness to test ideas through smaller projects or prototypes are far more important. Instead of waiting for the \u201cperfect opportunity,\u201d she advises young people to start testing their ideas on a smaller scale, talk to potential users, and gradually develop solutions.<\/p>\n<p data-start=\"3306\" data-end=\"3345\"><strong data-start=\"3306\" data-end=\"3345\">Announcement: Idea of the Year 2026<\/strong><\/p>\n<p data-start=\"3347\" data-end=\"3529\">The development of an entrepreneurial mindset among young people is also encouraged by the student business competition <strong data-start=\"3467\" data-end=\"3492\">Idea of the Year 2026<\/strong>, organized by the portal srednja.hr.<\/p>\n<p data-start=\"3531\" data-end=\"3804\">The competition brings together high school students who develop their own business ideas and create business plans. The ten best teams get the opportunity to present their projects to an expert jury in the final round. The winning team will receive a study trip in Europe.<\/p>\n<p data-start=\"3806\" data-end=\"4013\"><strong data-start=\"3806\" data-end=\"3849\">EFFECTUS University of Applied Sciences<\/strong> is once again the gold partner of the project this year, actively supporting the development of entrepreneurial thinking and financial literacy among young people.<\/p>\n<p data-start=\"4015\" data-end=\"4226\">The first deadline for submitting business plans was open until <strong data-start=\"4079\" data-end=\"4100\">March 15 at 23:59<\/strong>, allowing students to receive feedback and improve their submissions. The final application deadline is <strong data-start=\"4205\" data-end=\"4225\">April 5 at 23:59<\/strong>.<\/p>\n<p data-start=\"4228\" data-end=\"4436\" data-is-last-node=\"\" data-is-only-node=\"\">The competition represents an opportunity for all high school students who want to develop their ideas, gain experience working on real projects, and take their first steps into the world of entrepreneurship.<\/p>\n<p>[\/et_pb_text][et_pb_image src=&#8221;https:\/\/effectus.com.hr\/wp-content\/uploads\/2026\/03\/65588_jelena-uzelac-effectus-veleuciliste_kfl.webp&#8221; title_text=&#8221;65588_jelena-uzelac-effectus-veleuciliste_kfl&#8221; _builder_version=&#8221;4.25.1&#8243; _module_preset=&#8221;default&#8221; global_colors_info=&#8221;{}&#8221;][\/et_pb_image][\/et_pb_column][et_pb_column type=&#8221;1_3&#8243; _builder_version=&#8221;4.16&#8243; custom_padding=&#8221;|||&#8221; global_colors_info=&#8221;{}&#8221; custom_padding__hover=&#8221;|||&#8221;][et_pb_text _builder_version=&#8221;4.16&#8243; _module_preset=&#8221;default&#8221; text_font=&#8221;|700|||||||&#8221; text_font_size=&#8221;23px&#8221; width=&#8221;91%&#8221; custom_margin=&#8221;||14px|||&#8221; custom_padding=&#8221;||15px||false|false&#8221; border_width_bottom=&#8221;1px&#8221; border_color_bottom=&#8221;#cccccc&#8221; saved_tabs=&#8221;all&#8221; global_colors_info=&#8221;{}&#8221;]<\/p>\n<p>POSTANI NA\u0160 STUDENT<\/p>\n<p>[\/et_pb_text][et_pb_text _builder_version=&#8221;4.16&#8243; _module_preset=&#8221;default&#8221; text_font=&#8221;||||||||&#8221; text_text_color=&#8221;#0065b3&#8243; text_font_size=&#8221;18px&#8221; text_line_height=&#8221;1.6em&#8221; width=&#8221;91%&#8221; custom_padding=&#8221;||47px|||&#8221; saved_tabs=&#8221;all&#8221; global_colors_info=&#8221;{}&#8221;]<\/p>\n<p>Ispuni obrazac i kontaktirat \u0107emo te za vi\u0161e informacija<\/p>\n\n<div class=\"wpcf7 no-js\" id=\"wpcf7-f221-o1\" lang=\"hr\" dir=\"ltr\">\n<div class=\"screen-reader-response\"><p role=\"status\" aria-live=\"polite\" aria-atomic=\"true\"><\/p> <ul><\/ul><\/div>\n<form action=\"\/en\/wp-json\/wp\/v2\/posts\/264713#wpcf7-f221-o1\" method=\"post\" class=\"wpcf7-form init\" aria-label=\"Kontakt obrazac\" novalidate=\"novalidate\" data-status=\"init\">\n<div style=\"display: none;\">\n<input type=\"hidden\" name=\"_wpcf7\" value=\"221\" \/>\n<input type=\"hidden\" name=\"_wpcf7_version\" value=\"5.9.4\" \/>\n<input type=\"hidden\" name=\"_wpcf7_locale\" value=\"hr\" \/>\n<input type=\"hidden\" name=\"_wpcf7_unit_tag\" value=\"wpcf7-f221-o1\" \/>\n<input type=\"hidden\" name=\"_wpcf7_container_post\" value=\"0\" \/>\n<input type=\"hidden\" name=\"_wpcf7_posted_data_hash\" value=\"\" \/>\n<input type=\"hidden\" name=\"_wpcf7_recaptcha_response\" value=\"\" \/>\n<\/div>\n<p><span class=\"wpcf7-form-control-wrap\" data-name=\"your-name\"><input size=\"40\" class=\"wpcf7-form-control wpcf7-text wpcf7-validates-as-required\" aria-required=\"true\" aria-invalid=\"false\" placeholder=\"Ime i prezime\" value=\"\" type=\"text\" name=\"your-name\" \/><\/span>\n<\/p>\n<p><br \/>\n<span class=\"wpcf7-form-control-wrap\" data-name=\"your-email\"><input size=\"40\" class=\"wpcf7-form-control wpcf7-email wpcf7-validates-as-required wpcf7-text wpcf7-validates-as-email\" aria-required=\"true\" aria-invalid=\"false\" placeholder=\"Email\" value=\"\" type=\"email\" name=\"your-email\" \/><\/span>\n<\/p>\n<p><br \/>\n<span class=\"wpcf7-form-control-wrap\" data-name=\"text-625\"><input size=\"40\" class=\"wpcf7-form-control wpcf7-text\" aria-invalid=\"false\" placeholder=\"Telefon\" value=\"\" type=\"text\" name=\"text-625\" \/><\/span>\n<\/p>\n<p><br \/>\n<span class=\"wpcf7-form-control-wrap\" data-name=\"your-message\"><textarea cols=\"40\" rows=\"10\" class=\"wpcf7-form-control wpcf7-textarea\" aria-invalid=\"false\" placeholder=\"Poruka\" name=\"your-message\"><\/textarea><\/span>\n<\/p>\n<p>Predajom\/slanjem ove prijave dajem svoju suglasnost EFFECTUS da u njoj navedene osobne podatke prikuplja, obra\u0111uje i pohranjuje u svrhu provedbe predmetne prijave, upisa na studij, u svrhu kontaktiranja, u svrhu sklapanja ugovora. Potvr\u0111ujem da sam prije slanja prijave upoznat\/a sa svojim pravima i ostalim postupanjima u odnosu na prikupljanje, obradu, objavu i pohranu mojih osobnih podataka u predmetne svrhe, kao i sa upravljanje privolama, te da \u0107e biti za\u0161ti\u0107eni od pristupa neovla\u0161tenih osoba, te pohranjeni na sigurno mjesto i \u010duvani u skladu s uvjetima i rokovima predvi\u0111enim zakonskim propisima, aktima i odlukama EFFECTUS-a. Potvr\u0111ujem da sam upoznat\/a da svoja prava i postupanja u odnosu na moje osobne podatke mogu vidjeti i na web stranici <a href=\"https:\/\/effectus.com.hr\/politika-privatnosti\/\">https:\/\/effectus.com.hr\/politika-privatnosti\/.<\/a>\n<\/p>\n<p>\n<span class=\"wpcf7-form-control-wrap recaptcha\" data-name=\"recaptcha\"><span data-sitekey=\"6LdUiQYqAAAAAFL9ow_BRLvXuhg1V3tSJnNxSHc_\" class=\"wpcf7-form-control wpcf7-recaptcha g-recaptcha\"><\/span>\r\n<noscript>\r\n\t<div class=\"grecaptcha-noscript\">\r\n\t\t<iframe loading=\"lazy\" src=\"https:\/\/www.google.com\/recaptcha\/api\/fallback?k=6LdUiQYqAAAAAFL9ow_BRLvXuhg1V3tSJnNxSHc_\" frameborder=\"0\" scrolling=\"no\" width=\"310\" height=\"430\">\r\n\t\t<\/iframe>\r\n\t\t<textarea name=\"g-recaptcha-response\" rows=\"3\" cols=\"40\" placeholder=\"reCaptcha Response Here\">\r\n\t\t<\/textarea>\r\n\t<\/div>\r\n<\/noscript>\r\n<\/span>\n<\/p>\n<p><input class=\"wpcf7-form-control wpcf7-submit has-spinner\" type=\"submit\" value=\"Po\u0161alji\" \/>\n<\/p><div class=\"wpcf7-response-output\" aria-hidden=\"true\"><\/div>\n<\/form>\n<\/div>\n\n<p>[\/et_pb_text][et_pb_sidebar area=&#8221;et_pb_widget_area_1&#8243; _builder_version=&#8221;4.16&#8243; _module_preset=&#8221;default&#8221; custom_margin=&#8221;||75px||false|false&#8221; saved_tabs=&#8221;all&#8221; global_colors_info=&#8221;{}&#8221;][\/et_pb_sidebar][et_pb_text _builder_version=&#8221;4.16&#8243; _module_preset=&#8221;default&#8221; text_font=&#8221;|700|||||||&#8221; text_font_size=&#8221;23px&#8221; width=&#8221;91%&#8221; custom_margin=&#8221;||14px|||&#8221; custom_padding=&#8221;||15px||false|false&#8221; border_width_bottom=&#8221;1px&#8221; border_color_bottom=&#8221;#cccccc&#8221; global_colors_info=&#8221;{}&#8221;]<\/p>\n<p>PRATI NAS<\/p>\n<p>[\/et_pb_text][et_pb_social_media_follow _builder_version=&#8221;4.16&#8243; _module_preset=&#8221;default&#8221; saved_tabs=&#8221;all&#8221; global_colors_info=&#8221;{}&#8221;][et_pb_social_media_follow_network social_network=&#8221;facebook&#8221; url=&#8221;https:\/\/www.facebook.com\/effectus.studij\/&#8221; _builder_version=&#8221;4.16&#8243; _module_preset=&#8221;default&#8221; background_color=&#8221;#3b5998&#8243; global_colors_info=&#8221;{}&#8221; follow_button=&#8221;off&#8221; url_new_window=&#8221;on&#8221;]facebook[\/et_pb_social_media_follow_network][et_pb_social_media_follow_network social_network=&#8221;instagram&#8221; url=&#8221;https:\/\/www.instagram.com\/effectus.poduzetnicki.studiji\/&#8221; _builder_version=&#8221;4.16&#8243; _module_preset=&#8221;default&#8221; background_color=&#8221;#ea2c59&#8243; global_colors_info=&#8221;{}&#8221; follow_button=&#8221;off&#8221; url_new_window=&#8221;on&#8221;]instagram[\/et_pb_social_media_follow_network][et_pb_social_media_follow_network social_network=&#8221;linkedin&#8221; url=&#8221;https:\/\/hr.linkedin.com\/school\/effectus-university-college-for-law-and-finance\/&#8221; _builder_version=&#8221;4.16&#8243; _module_preset=&#8221;default&#8221; background_color=&#8221;#007bb6&#8243; global_colors_info=&#8221;{}&#8221; follow_button=&#8221;off&#8221; url_new_window=&#8221;on&#8221;]linkedin[\/et_pb_social_media_follow_network][et_pb_social_media_follow_network social_network=&#8221;youtube&#8221; url=&#8221;https:\/\/www.youtube.com\/user\/EFFECTUSTV&#8221; _builder_version=&#8221;4.16&#8243; _module_preset=&#8221;default&#8221; background_color=&#8221;#a82400&#8243; global_colors_info=&#8221;{}&#8221; follow_button=&#8221;off&#8221; url_new_window=&#8221;on&#8221;]youtube[\/et_pb_social_media_follow_network][\/et_pb_social_media_follow][\/et_pb_column][\/et_pb_row][\/et_pb_section]<\/p>\n","protected":false},"excerpt":{"rendered":"<p>The labor market is changing faster than ever Practical experience builds confidence and skills Financial literacy is not a privilege reserved for entrepreneurs Resilience and perseverance are the keys to success Entrepreneurship begins with small steps \u2013 It is better to test an idea on a small scale than wait for the \u201cperfect moment.\u201d &nbsp; [&hellip;]<\/p>\n","protected":false},"author":14,"featured_media":264712,"comment_status":"closed","ping_status":"closed","sticky":false,"template":"","format":"standard","meta":{"_et_pb_use_builder":"on","_et_pb_old_content":"","_et_gb_content_width":"","footnotes":""},"categories":[71,70,41],"tags":[],"yoast_head":"<!-- This site is optimized with the Yoast SEO plugin v22.7 - https:\/\/yoast.com\/wordpress\/plugins\/seo\/ -->\n<title>Jobs of the Future Require New Skills: Dean Jelena Uzelac on Critical Thinking, Practical Experience, and the Entrepreneurial Mindset of Young People - EFFECTUS veleu\u010dili\u0161te<\/title>\n<meta name=\"robots\" content=\"index, follow, max-snippet:-1, max-image-preview:large, max-video-preview:-1\" \/>\n<link rel=\"canonical\" href=\"https:\/\/effectus.com.hr\/poslovi-buducnosti-traze-nove-vjestine-dekanica-jelena-uzelac-o-kritickom-razmisljanju-praksi-i-poduzetnickom-razmisljanju-mladih\/\" \/>\n<meta property=\"og:locale\" content=\"en_US\" \/>\n<meta property=\"og:type\" content=\"article\" \/>\n<meta property=\"og:title\" content=\"Jobs of the Future Require New Skills: Dean Jelena Uzelac on Critical Thinking, Practical Experience, and the Entrepreneurial Mindset of Young People - EFFECTUS veleu\u010dili\u0161te\" \/>\n<meta property=\"og:description\" content=\"The labor market is changing faster than ever Practical experience builds confidence and skills Financial literacy is not a privilege reserved for entrepreneurs Resilience and perseverance are the keys to success Entrepreneurship begins with small steps \u2013 It is better to test an idea on a small scale than wait for the \u201cperfect moment.\u201d &nbsp; [&hellip;]\" \/>\n<meta property=\"og:url\" content=\"https:\/\/effectus.com.hr\/poslovi-buducnosti-traze-nove-vjestine-dekanica-jelena-uzelac-o-kritickom-razmisljanju-praksi-i-poduzetnickom-razmisljanju-mladih\/\" \/>\n<meta property=\"og:site_name\" content=\"EFFECTUS veleu\u010dili\u0161te\" \/>\n<meta property=\"article:published_time\" content=\"2026-03-16T16:15:18+00:00\" \/>\n<meta property=\"article:modified_time\" content=\"2026-03-16T16:45:25+00:00\" \/>\n<meta property=\"og:image\" content=\"https:\/\/effectus.com.hr\/wp-content\/uploads\/2026\/03\/65588_jelena-uzelac-effectus-veleuciliste_kfl.webp\" \/>\n\t<meta property=\"og:image:width\" content=\"960\" \/>\n\t<meta property=\"og:image:height\" content=\"540\" \/>\n\t<meta property=\"og:image:type\" content=\"image\/webp\" \/>\n<meta name=\"author\" content=\"Klara Dumbovi\u0107\" \/>\n<meta name=\"twitter:card\" content=\"summary_large_image\" \/>\n<meta name=\"twitter:label1\" content=\"Written by\" \/>\n\t<meta name=\"twitter:data1\" content=\"Klara Dumbovi\u0107\" \/>\n\t<meta name=\"twitter:label2\" content=\"Est. reading time\" \/>\n\t<meta name=\"twitter:data2\" content=\"5 minutes\" \/>\n<script type=\"application\/ld+json\" class=\"yoast-schema-graph\">{\"@context\":\"https:\/\/schema.org\",\"@graph\":[{\"@type\":\"WebPage\",\"@id\":\"https:\/\/effectus.com.hr\/poslovi-buducnosti-traze-nove-vjestine-dekanica-jelena-uzelac-o-kritickom-razmisljanju-praksi-i-poduzetnickom-razmisljanju-mladih\/\",\"url\":\"https:\/\/effectus.com.hr\/poslovi-buducnosti-traze-nove-vjestine-dekanica-jelena-uzelac-o-kritickom-razmisljanju-praksi-i-poduzetnickom-razmisljanju-mladih\/\",\"name\":\"Jobs of the Future Require New Skills: Dean Jelena Uzelac on Critical Thinking, Practical Experience, and the Entrepreneurial Mindset of Young People - EFFECTUS veleu\u010dili\u0161te\",\"isPartOf\":{\"@id\":\"https:\/\/effectus.com.hr\/#website\"},\"primaryImageOfPage\":{\"@id\":\"https:\/\/effectus.com.hr\/poslovi-buducnosti-traze-nove-vjestine-dekanica-jelena-uzelac-o-kritickom-razmisljanju-praksi-i-poduzetnickom-razmisljanju-mladih\/#primaryimage\"},\"image\":{\"@id\":\"https:\/\/effectus.com.hr\/poslovi-buducnosti-traze-nove-vjestine-dekanica-jelena-uzelac-o-kritickom-razmisljanju-praksi-i-poduzetnickom-razmisljanju-mladih\/#primaryimage\"},\"thumbnailUrl\":\"https:\/\/effectus.com.hr\/wp-content\/uploads\/2026\/03\/65588_jelena-uzelac-effectus-veleuciliste_kfl.webp\",\"datePublished\":\"2026-03-16T16:15:18+00:00\",\"dateModified\":\"2026-03-16T16:45:25+00:00\",\"author\":{\"@id\":\"https:\/\/effectus.com.hr\/#\/schema\/person\/e3d600b3d55633e6ff0d3d8ee76cca57\"},\"breadcrumb\":{\"@id\":\"https:\/\/effectus.com.hr\/poslovi-buducnosti-traze-nove-vjestine-dekanica-jelena-uzelac-o-kritickom-razmisljanju-praksi-i-poduzetnickom-razmisljanju-mladih\/#breadcrumb\"},\"inLanguage\":\"en-US\",\"potentialAction\":[{\"@type\":\"ReadAction\",\"target\":[\"https:\/\/effectus.com.hr\/poslovi-buducnosti-traze-nove-vjestine-dekanica-jelena-uzelac-o-kritickom-razmisljanju-praksi-i-poduzetnickom-razmisljanju-mladih\/\"]}]},{\"@type\":\"ImageObject\",\"inLanguage\":\"en-US\",\"@id\":\"https:\/\/effectus.com.hr\/poslovi-buducnosti-traze-nove-vjestine-dekanica-jelena-uzelac-o-kritickom-razmisljanju-praksi-i-poduzetnickom-razmisljanju-mladih\/#primaryimage\",\"url\":\"https:\/\/effectus.com.hr\/wp-content\/uploads\/2026\/03\/65588_jelena-uzelac-effectus-veleuciliste_kfl.webp\",\"contentUrl\":\"https:\/\/effectus.com.hr\/wp-content\/uploads\/2026\/03\/65588_jelena-uzelac-effectus-veleuciliste_kfl.webp\",\"width\":960,\"height\":540},{\"@type\":\"BreadcrumbList\",\"@id\":\"https:\/\/effectus.com.hr\/poslovi-buducnosti-traze-nove-vjestine-dekanica-jelena-uzelac-o-kritickom-razmisljanju-praksi-i-poduzetnickom-razmisljanju-mladih\/#breadcrumb\",\"itemListElement\":[{\"@type\":\"ListItem\",\"position\":1,\"name\":\"Po\u010detna\",\"item\":\"https:\/\/effectus.com.hr\/en\/\"},{\"@type\":\"ListItem\",\"position\":2,\"name\":\"Jobs of the Future Require New Skills: Dean Jelena Uzelac on Critical Thinking, Practical Experience, and the Entrepreneurial Mindset of Young People\"}]},{\"@type\":\"WebSite\",\"@id\":\"https:\/\/effectus.com.hr\/#website\",\"url\":\"https:\/\/effectus.com.hr\/\",\"name\":\"EFFECTUS veleu\u010dili\u0161te\",\"description\":\"\",\"potentialAction\":[{\"@type\":\"SearchAction\",\"target\":{\"@type\":\"EntryPoint\",\"urlTemplate\":\"https:\/\/effectus.com.hr\/?s={search_term_string}\"},\"query-input\":\"required name=search_term_string\"}],\"inLanguage\":\"en-US\"},{\"@type\":\"Person\",\"@id\":\"https:\/\/effectus.com.hr\/#\/schema\/person\/e3d600b3d55633e6ff0d3d8ee76cca57\",\"name\":\"Klara Dumbovi\u0107\",\"image\":{\"@type\":\"ImageObject\",\"inLanguage\":\"en-US\",\"@id\":\"https:\/\/effectus.com.hr\/#\/schema\/person\/image\/\",\"url\":\"https:\/\/secure.gravatar.com\/avatar\/9d3729bae98d5a1ea4ec81999dfc6e13?s=96&d=mm&r=g\",\"contentUrl\":\"https:\/\/secure.gravatar.com\/avatar\/9d3729bae98d5a1ea4ec81999dfc6e13?s=96&d=mm&r=g\",\"caption\":\"Klara Dumbovi\u0107\"},\"url\":\"https:\/\/effectus.com.hr\/en\/author\/kdumbovic\/\"}]}<\/script>\n<!-- \/ Yoast SEO plugin. -->","yoast_head_json":{"title":"Jobs of the Future Require New Skills: Dean Jelena Uzelac on Critical Thinking, Practical Experience, and the Entrepreneurial Mindset of Young People - EFFECTUS veleu\u010dili\u0161te","robots":{"index":"index","follow":"follow","max-snippet":"max-snippet:-1","max-image-preview":"max-image-preview:large","max-video-preview":"max-video-preview:-1"},"canonical":"https:\/\/effectus.com.hr\/poslovi-buducnosti-traze-nove-vjestine-dekanica-jelena-uzelac-o-kritickom-razmisljanju-praksi-i-poduzetnickom-razmisljanju-mladih\/","og_locale":"en_US","og_type":"article","og_title":"Jobs of the Future Require New Skills: Dean Jelena Uzelac on Critical Thinking, Practical Experience, and the Entrepreneurial Mindset of Young People - EFFECTUS veleu\u010dili\u0161te","og_description":"The labor market is changing faster than ever Practical experience builds confidence and skills Financial literacy is not a privilege reserved for entrepreneurs Resilience and perseverance are the keys to success Entrepreneurship begins with small steps \u2013 It is better to test an idea on a small scale than wait for the \u201cperfect moment.\u201d &nbsp; [&hellip;]","og_url":"https:\/\/effectus.com.hr\/poslovi-buducnosti-traze-nove-vjestine-dekanica-jelena-uzelac-o-kritickom-razmisljanju-praksi-i-poduzetnickom-razmisljanju-mladih\/","og_site_name":"EFFECTUS veleu\u010dili\u0161te","article_published_time":"2026-03-16T16:15:18+00:00","article_modified_time":"2026-03-16T16:45:25+00:00","og_image":[{"width":960,"height":540,"url":"https:\/\/effectus.com.hr\/wp-content\/uploads\/2026\/03\/65588_jelena-uzelac-effectus-veleuciliste_kfl.webp","type":"image\/webp"}],"author":"Klara Dumbovi\u0107","twitter_card":"summary_large_image","twitter_misc":{"Written by":"Klara Dumbovi\u0107","Est. reading time":"5 minutes"},"schema":{"@context":"https:\/\/schema.org","@graph":[{"@type":"WebPage","@id":"https:\/\/effectus.com.hr\/poslovi-buducnosti-traze-nove-vjestine-dekanica-jelena-uzelac-o-kritickom-razmisljanju-praksi-i-poduzetnickom-razmisljanju-mladih\/","url":"https:\/\/effectus.com.hr\/poslovi-buducnosti-traze-nove-vjestine-dekanica-jelena-uzelac-o-kritickom-razmisljanju-praksi-i-poduzetnickom-razmisljanju-mladih\/","name":"Jobs of the Future Require New Skills: Dean Jelena Uzelac on Critical Thinking, Practical Experience, and the Entrepreneurial Mindset of Young People - EFFECTUS veleu\u010dili\u0161te","isPartOf":{"@id":"https:\/\/effectus.com.hr\/#website"},"primaryImageOfPage":{"@id":"https:\/\/effectus.com.hr\/poslovi-buducnosti-traze-nove-vjestine-dekanica-jelena-uzelac-o-kritickom-razmisljanju-praksi-i-poduzetnickom-razmisljanju-mladih\/#primaryimage"},"image":{"@id":"https:\/\/effectus.com.hr\/poslovi-buducnosti-traze-nove-vjestine-dekanica-jelena-uzelac-o-kritickom-razmisljanju-praksi-i-poduzetnickom-razmisljanju-mladih\/#primaryimage"},"thumbnailUrl":"https:\/\/effectus.com.hr\/wp-content\/uploads\/2026\/03\/65588_jelena-uzelac-effectus-veleuciliste_kfl.webp","datePublished":"2026-03-16T16:15:18+00:00","dateModified":"2026-03-16T16:45:25+00:00","author":{"@id":"https:\/\/effectus.com.hr\/#\/schema\/person\/e3d600b3d55633e6ff0d3d8ee76cca57"},"breadcrumb":{"@id":"https:\/\/effectus.com.hr\/poslovi-buducnosti-traze-nove-vjestine-dekanica-jelena-uzelac-o-kritickom-razmisljanju-praksi-i-poduzetnickom-razmisljanju-mladih\/#breadcrumb"},"inLanguage":"en-US","potentialAction":[{"@type":"ReadAction","target":["https:\/\/effectus.com.hr\/poslovi-buducnosti-traze-nove-vjestine-dekanica-jelena-uzelac-o-kritickom-razmisljanju-praksi-i-poduzetnickom-razmisljanju-mladih\/"]}]},{"@type":"ImageObject","inLanguage":"en-US","@id":"https:\/\/effectus.com.hr\/poslovi-buducnosti-traze-nove-vjestine-dekanica-jelena-uzelac-o-kritickom-razmisljanju-praksi-i-poduzetnickom-razmisljanju-mladih\/#primaryimage","url":"https:\/\/effectus.com.hr\/wp-content\/uploads\/2026\/03\/65588_jelena-uzelac-effectus-veleuciliste_kfl.webp","contentUrl":"https:\/\/effectus.com.hr\/wp-content\/uploads\/2026\/03\/65588_jelena-uzelac-effectus-veleuciliste_kfl.webp","width":960,"height":540},{"@type":"BreadcrumbList","@id":"https:\/\/effectus.com.hr\/poslovi-buducnosti-traze-nove-vjestine-dekanica-jelena-uzelac-o-kritickom-razmisljanju-praksi-i-poduzetnickom-razmisljanju-mladih\/#breadcrumb","itemListElement":[{"@type":"ListItem","position":1,"name":"Po\u010detna","item":"https:\/\/effectus.com.hr\/en\/"},{"@type":"ListItem","position":2,"name":"Jobs of the Future Require New Skills: Dean Jelena Uzelac on Critical Thinking, Practical Experience, and the Entrepreneurial Mindset of Young People"}]},{"@type":"WebSite","@id":"https:\/\/effectus.com.hr\/#website","url":"https:\/\/effectus.com.hr\/","name":"EFFECTUS veleu\u010dili\u0161te","description":"","potentialAction":[{"@type":"SearchAction","target":{"@type":"EntryPoint","urlTemplate":"https:\/\/effectus.com.hr\/?s={search_term_string}"},"query-input":"required name=search_term_string"}],"inLanguage":"en-US"},{"@type":"Person","@id":"https:\/\/effectus.com.hr\/#\/schema\/person\/e3d600b3d55633e6ff0d3d8ee76cca57","name":"Klara Dumbovi\u0107","image":{"@type":"ImageObject","inLanguage":"en-US","@id":"https:\/\/effectus.com.hr\/#\/schema\/person\/image\/","url":"https:\/\/secure.gravatar.com\/avatar\/9d3729bae98d5a1ea4ec81999dfc6e13?s=96&d=mm&r=g","contentUrl":"https:\/\/secure.gravatar.com\/avatar\/9d3729bae98d5a1ea4ec81999dfc6e13?s=96&d=mm&r=g","caption":"Klara Dumbovi\u0107"},"url":"https:\/\/effectus.com.hr\/en\/author\/kdumbovic\/"}]}},"_links":{"self":[{"href":"https:\/\/effectus.com.hr\/en\/wp-json\/wp\/v2\/posts\/264713"}],"collection":[{"href":"https:\/\/effectus.com.hr\/en\/wp-json\/wp\/v2\/posts"}],"about":[{"href":"https:\/\/effectus.com.hr\/en\/wp-json\/wp\/v2\/types\/post"}],"author":[{"embeddable":true,"href":"https:\/\/effectus.com.hr\/en\/wp-json\/wp\/v2\/users\/14"}],"replies":[{"embeddable":true,"href":"https:\/\/effectus.com.hr\/en\/wp-json\/wp\/v2\/comments?post=264713"}],"version-history":[{"count":4,"href":"https:\/\/effectus.com.hr\/en\/wp-json\/wp\/v2\/posts\/264713\/revisions"}],"predecessor-version":[{"id":264720,"href":"https:\/\/effectus.com.hr\/en\/wp-json\/wp\/v2\/posts\/264713\/revisions\/264720"}],"wp:featuredmedia":[{"embeddable":true,"href":"https:\/\/effectus.com.hr\/en\/wp-json\/wp\/v2\/media\/264712"}],"wp:attachment":[{"href":"https:\/\/effectus.com.hr\/en\/wp-json\/wp\/v2\/media?parent=264713"}],"wp:term":[{"taxonomy":"category","embeddable":true,"href":"https:\/\/effectus.com.hr\/en\/wp-json\/wp\/v2\/categories?post=264713"},{"taxonomy":"post_tag","embeddable":true,"href":"https:\/\/effectus.com.hr\/en\/wp-json\/wp\/v2\/tags?post=264713"}],"curies":[{"name":"wp","href":"https:\/\/api.w.org\/{rel}","templated":true}]}}