{"id":265055,"date":"2026-04-30T13:41:00","date_gmt":"2026-04-30T12:41:00","guid":{"rendered":"https:\/\/effectus.com.hr\/?p=265055"},"modified":"2026-04-30T13:53:42","modified_gmt":"2026-04-30T12:53:42","slug":"objavljen-natjecaj-za-upis-studenata-na-studije-u-akademskoj-godini-2026-2027","status":"publish","type":"post","link":"https:\/\/effectus.com.hr\/en\/objavljen-natjecaj-za-upis-studenata-na-studije-u-akademskoj-godini-2026-2027\/","title":{"rendered":"Call for Applications for Student Admission to Study Programs in the Academic Year 2026\/2027 has been published."},"content":{"rendered":"<p>[et_pb_section fb_built=&#8221;1&#8243; disabled_on=&#8221;off|off|off&#8221; _builder_version=&#8221;4.16&#8243; _module_preset=&#8221;default&#8221; background_color=&#8221;#777a7e&#8221; background_image=&#8221;https:\/\/effectus.com.hr\/wp-content\/uploads\/2021\/09\/shutterstock_1896527446-Copy.jpg&#8221; z_index=&#8221;99999999&#8243; custom_margin_tablet=&#8221;&#8221; custom_margin_phone=&#8221;-50px||-25px||false|false&#8221; custom_margin_last_edited=&#8221;on|phone&#8221; custom_padding=&#8221;20px||20px||true|false&#8221; saved_tabs=&#8221;all&#8221; global_colors_info=&#8221;{}&#8221;][\/et_pb_section][et_pb_section fb_built=&#8221;1&#8243; module_class=&#8221;eff-novosti&#8221; _builder_version=&#8221;4.16&#8243; global_colors_info=&#8221;{}&#8221;][et_pb_row column_structure=&#8221;2_3,1_3&#8243; _builder_version=&#8221;4.16&#8243; background_size=&#8221;initial&#8221; background_position=&#8221;top_left&#8221; background_repeat=&#8221;repeat&#8221; global_colors_info=&#8221;{}&#8221;][et_pb_column type=&#8221;2_3&#8243; _builder_version=&#8221;4.16&#8243; custom_padding=&#8221;|25px|||false|false&#8221; border_width_right=&#8221;1px&#8221; border_color_right=&#8221;#cccccc&#8221; global_colors_info=&#8221;{}&#8221; custom_padding__hover=&#8221;|||&#8221;][et_pb_post_title meta=&#8221;off&#8221; featured_image=&#8221;off&#8221; admin_label=&#8221;Naslov&#8221; _builder_version=&#8221;4.25.1&#8243; _module_preset=&#8221;default&#8221; title_text_color=&#8221;#333333&#8243; title_line_height=&#8221;1.5em&#8221; saved_tabs=&#8221;all&#8221; global_colors_info=&#8221;{}&#8221;][\/et_pb_post_title][et_pb_text _builder_version=&#8221;4.25.1&#8243; background_size=&#8221;initial&#8221; background_position=&#8221;top_left&#8221; background_repeat=&#8221;repeat&#8221; hover_enabled=&#8221;0&#8243; global_colors_info=&#8221;{}&#8221; sticky_enabled=&#8221;0&#8243;]<\/p>\n<p><strong>The Call for Applications for student admission to study programs in the academic year 2026\/2027 has been published:<\/strong><\/p>\n<p>&nbsp;<\/p>\n<p data-section-id=\"r6f947\" data-start=\"242\" data-end=\"277\"><a href=\"https:\/\/effectus.com.hr\/en\/entrepreneurship\/\"><strong>PROFESSIONAL SHORT STUDY PROGRAM<\/strong><\/a><\/p>\n<p data-start=\"279\" data-end=\"388\"><strong data-start=\"279\" data-end=\"288\">Name:<\/strong> Professional Short Study Program<br data-start=\"321\" data-end=\"324\" \/><strong data-start=\"324\" data-end=\"333\">Name:<\/strong> Professional Short Study Program in Entrepreneurship<\/p>\n<p data-start=\"390\" data-end=\"461\"><strong data-start=\"390\" data-end=\"421\">Professional title awarded:<\/strong> Associate in Economics (pristup.oec.)<\/p>\n<p data-start=\"463\" data-end=\"523\"><strong data-start=\"463\" data-end=\"476\">Duration:<\/strong> 2 years, 4 semesters<br data-start=\"497\" data-end=\"500\" \/><strong data-start=\"500\" data-end=\"517\">ECTS credits:<\/strong> 120<\/p>\n<p>&nbsp;<\/p>\n<p data-section-id=\"aw3aw8\" data-start=\"530\" data-end=\"573\"><a href=\"https:\/\/effectus.com.hr\/en\/finance-and-business-law\/\"><strong>PROFESSIONAL UNDERGRADUATE STUDY PROGRAM<\/strong><\/a><\/p>\n<p data-start=\"575\" data-end=\"655\"><strong data-start=\"575\" data-end=\"584\">Name:<\/strong> Professional Undergraduate Study Program in Finance and Business Law<\/p>\n<p data-start=\"657\" data-end=\"724\"><strong data-start=\"657\" data-end=\"688\">Professional title awarded:<\/strong> Bachelor of Economics (bacc.oec.)<\/p>\n<p data-start=\"726\" data-end=\"786\"><strong data-start=\"726\" data-end=\"739\">Duration:<\/strong> 3 years, 6 semesters<br data-start=\"760\" data-end=\"763\" \/><strong data-start=\"763\" data-end=\"780\">ECTS credits:<\/strong> 180<\/p>\n<p>&nbsp;<\/p>\n<p data-section-id=\"1w0cr40\" data-start=\"793\" data-end=\"831\"><strong>PROFESSIONAL GRADUATE STUDY PROGRAM<\/strong><\/p>\n<p data-start=\"833\" data-end=\"909\"><strong data-start=\"833\" data-end=\"842\">Name:<\/strong> Professional Graduate Study Program in Business Management \u2013 MBA<\/p>\n<p data-start=\"911\" data-end=\"1076\"><strong data-start=\"911\" data-end=\"939\">Specializations\/modules:<\/strong> <a href=\"https:\/\/effectus.com.hr\/en\/financial-management\/\">Financial Management,<\/a> <a href=\"https:\/\/effectus.com.hr\/en\/taxes-and-business-law\/\">Taxation and Business Law<\/a>, <a href=\"https:\/\/effectus.com.hr\/en\/human-resources-and-knowledge-management\/\">Human Resources and Knowledge Management<\/a>, <a href=\"https:\/\/effectus.com.hr\/en\/analytical-management\/\">Analytical Management<\/a>, <a href=\"https:\/\/effectus.com.hr\/en\/behavioral-economics\/\">Behavioral Economics<\/a><\/p>\n<p data-start=\"1078\" data-end=\"1142\"><strong data-start=\"1078\" data-end=\"1109\">Professional title awarded:<\/strong> Master of Economics (mag.oec.)<\/p>\n<p data-start=\"1144\" data-end=\"1204\"><strong data-start=\"1144\" data-end=\"1157\">Duration:<\/strong> 2 years, 4 semesters<br data-start=\"1178\" data-end=\"1181\" \/><strong data-start=\"1181\" data-end=\"1198\">ECTS credits:<\/strong> 120<\/p>\n<p>[\/et_pb_text][et_pb_image src=&#8221;https:\/\/effectus.com.hr\/wp-content\/uploads\/2026\/04\/DSC02547-scaled.jpg&#8221; _builder_version=&#8221;4.25.1&#8243; _module_preset=&#8221;default&#8221; title_text=&#8221;DSC02547&#8243; hover_enabled=&#8221;0&#8243; sticky_enabled=&#8221;0&#8243;][\/et_pb_image][\/et_pb_column][et_pb_column type=&#8221;1_3&#8243; _builder_version=&#8221;4.16&#8243; custom_padding=&#8221;|||&#8221; global_colors_info=&#8221;{}&#8221; custom_padding__hover=&#8221;|||&#8221;][et_pb_text _builder_version=&#8221;4.16&#8243; _module_preset=&#8221;default&#8221; text_font=&#8221;|700|||||||&#8221; text_font_size=&#8221;23px&#8221; width=&#8221;91%&#8221; custom_margin=&#8221;||14px|||&#8221; custom_padding=&#8221;||15px||false|false&#8221; border_width_bottom=&#8221;1px&#8221; border_color_bottom=&#8221;#cccccc&#8221; saved_tabs=&#8221;all&#8221; global_colors_info=&#8221;{}&#8221;]<\/p>\n<p>POSTANI NA\u0160 STUDENT<\/p>\n<p>[\/et_pb_text][et_pb_text _builder_version=&#8221;4.16&#8243; _module_preset=&#8221;default&#8221; text_font=&#8221;||||||||&#8221; text_text_color=&#8221;#0065b3&#8243; text_font_size=&#8221;18px&#8221; text_line_height=&#8221;1.6em&#8221; width=&#8221;91%&#8221; custom_padding=&#8221;||47px|||&#8221; saved_tabs=&#8221;all&#8221; global_colors_info=&#8221;{}&#8221;]<\/p>\n<p>Ispuni obrazac i kontaktirat \u0107emo te za vi\u0161e informacija<\/p>\n\n<div class=\"wpcf7 no-js\" id=\"wpcf7-f221-o1\" lang=\"hr\" dir=\"ltr\">\n<div class=\"screen-reader-response\"><p role=\"status\" aria-live=\"polite\" aria-atomic=\"true\"><\/p> <ul><\/ul><\/div>\n<form action=\"\/en\/wp-json\/wp\/v2\/posts\/265055#wpcf7-f221-o1\" method=\"post\" class=\"wpcf7-form init\" aria-label=\"Kontakt obrazac\" novalidate=\"novalidate\" data-status=\"init\">\n<div style=\"display: none;\">\n<input type=\"hidden\" name=\"_wpcf7\" value=\"221\" \/>\n<input type=\"hidden\" name=\"_wpcf7_version\" value=\"5.9.4\" \/>\n<input type=\"hidden\" name=\"_wpcf7_locale\" value=\"hr\" \/>\n<input type=\"hidden\" name=\"_wpcf7_unit_tag\" value=\"wpcf7-f221-o1\" \/>\n<input type=\"hidden\" name=\"_wpcf7_container_post\" value=\"0\" \/>\n<input type=\"hidden\" name=\"_wpcf7_posted_data_hash\" value=\"\" \/>\n<input type=\"hidden\" name=\"_wpcf7_recaptcha_response\" value=\"\" \/>\n<\/div>\n<p><span class=\"wpcf7-form-control-wrap\" data-name=\"your-name\"><input size=\"40\" class=\"wpcf7-form-control wpcf7-text wpcf7-validates-as-required\" aria-required=\"true\" aria-invalid=\"false\" placeholder=\"Ime i prezime\" value=\"\" type=\"text\" name=\"your-name\" \/><\/span>\n<\/p>\n<p><br \/>\n<span class=\"wpcf7-form-control-wrap\" data-name=\"your-email\"><input size=\"40\" class=\"wpcf7-form-control wpcf7-email wpcf7-validates-as-required wpcf7-text wpcf7-validates-as-email\" aria-required=\"true\" aria-invalid=\"false\" placeholder=\"Email\" value=\"\" type=\"email\" name=\"your-email\" \/><\/span>\n<\/p>\n<p><br \/>\n<span class=\"wpcf7-form-control-wrap\" data-name=\"text-625\"><input size=\"40\" class=\"wpcf7-form-control wpcf7-text\" aria-invalid=\"false\" placeholder=\"Telefon\" value=\"\" type=\"text\" name=\"text-625\" \/><\/span>\n<\/p>\n<p><br \/>\n<span class=\"wpcf7-form-control-wrap\" data-name=\"your-message\"><textarea cols=\"40\" rows=\"10\" class=\"wpcf7-form-control wpcf7-textarea\" aria-invalid=\"false\" placeholder=\"Poruka\" name=\"your-message\"><\/textarea><\/span>\n<\/p>\n<p>Predajom\/slanjem ove prijave dajem svoju suglasnost EFFECTUS da u njoj navedene osobne podatke prikuplja, obra\u0111uje i pohranjuje u svrhu provedbe predmetne prijave, upisa na studij, u svrhu kontaktiranja, u svrhu sklapanja ugovora. Potvr\u0111ujem da sam prije slanja prijave upoznat\/a sa svojim pravima i ostalim postupanjima u odnosu na prikupljanje, obradu, objavu i pohranu mojih osobnih podataka u predmetne svrhe, kao i sa upravljanje privolama, te da \u0107e biti za\u0161ti\u0107eni od pristupa neovla\u0161tenih osoba, te pohranjeni na sigurno mjesto i \u010duvani u skladu s uvjetima i rokovima predvi\u0111enim zakonskim propisima, aktima i odlukama EFFECTUS-a. Potvr\u0111ujem da sam upoznat\/a da svoja prava i postupanja u odnosu na moje osobne podatke mogu vidjeti i na web stranici <a href=\"https:\/\/effectus.com.hr\/politika-privatnosti\/\">https:\/\/effectus.com.hr\/politika-privatnosti\/.<\/a>\n<\/p>\n<p>\n<span class=\"wpcf7-form-control-wrap recaptcha\" data-name=\"recaptcha\"><span data-sitekey=\"6LdUiQYqAAAAAFL9ow_BRLvXuhg1V3tSJnNxSHc_\" class=\"wpcf7-form-control wpcf7-recaptcha g-recaptcha\"><\/span>\r\n<noscript>\r\n\t<div class=\"grecaptcha-noscript\">\r\n\t\t<iframe loading=\"lazy\" src=\"https:\/\/www.google.com\/recaptcha\/api\/fallback?k=6LdUiQYqAAAAAFL9ow_BRLvXuhg1V3tSJnNxSHc_\" frameborder=\"0\" scrolling=\"no\" width=\"310\" height=\"430\">\r\n\t\t<\/iframe>\r\n\t\t<textarea name=\"g-recaptcha-response\" rows=\"3\" cols=\"40\" placeholder=\"reCaptcha Response Here\">\r\n\t\t<\/textarea>\r\n\t<\/div>\r\n<\/noscript>\r\n<\/span>\n<\/p>\n<p><input class=\"wpcf7-form-control wpcf7-submit has-spinner\" type=\"submit\" value=\"Po\u0161alji\" \/>\n<\/p><div class=\"wpcf7-response-output\" aria-hidden=\"true\"><\/div>\n<\/form>\n<\/div>\n\n<p>[\/et_pb_text][et_pb_sidebar area=&#8221;et_pb_widget_area_1&#8243; _builder_version=&#8221;4.16&#8243; _module_preset=&#8221;default&#8221; custom_margin=&#8221;||75px||false|false&#8221; saved_tabs=&#8221;all&#8221; global_colors_info=&#8221;{}&#8221;][\/et_pb_sidebar][et_pb_text _builder_version=&#8221;4.16&#8243; _module_preset=&#8221;default&#8221; text_font=&#8221;|700|||||||&#8221; text_font_size=&#8221;23px&#8221; width=&#8221;91%&#8221; custom_margin=&#8221;||14px|||&#8221; custom_padding=&#8221;||15px||false|false&#8221; border_width_bottom=&#8221;1px&#8221; border_color_bottom=&#8221;#cccccc&#8221; global_colors_info=&#8221;{}&#8221;]<\/p>\n<p>PRATI NAS<\/p>\n<p>[\/et_pb_text][et_pb_social_media_follow _builder_version=&#8221;4.16&#8243; _module_preset=&#8221;default&#8221; saved_tabs=&#8221;all&#8221; global_colors_info=&#8221;{}&#8221;][et_pb_social_media_follow_network social_network=&#8221;facebook&#8221; url=&#8221;https:\/\/www.facebook.com\/effectus.studij\/&#8221; _builder_version=&#8221;4.16&#8243; _module_preset=&#8221;default&#8221; background_color=&#8221;#3b5998&#8243; global_colors_info=&#8221;{}&#8221; follow_button=&#8221;off&#8221; url_new_window=&#8221;on&#8221;]facebook[\/et_pb_social_media_follow_network][et_pb_social_media_follow_network social_network=&#8221;instagram&#8221; url=&#8221;https:\/\/www.instagram.com\/effectus.poduzetnicki.studiji\/&#8221; _builder_version=&#8221;4.16&#8243; _module_preset=&#8221;default&#8221; background_color=&#8221;#ea2c59&#8243; global_colors_info=&#8221;{}&#8221; follow_button=&#8221;off&#8221; url_new_window=&#8221;on&#8221;]instagram[\/et_pb_social_media_follow_network][et_pb_social_media_follow_network social_network=&#8221;linkedin&#8221; url=&#8221;https:\/\/hr.linkedin.com\/school\/effectus-university-college-for-law-and-finance\/&#8221; _builder_version=&#8221;4.16&#8243; _module_preset=&#8221;default&#8221; background_color=&#8221;#007bb6&#8243; global_colors_info=&#8221;{}&#8221; follow_button=&#8221;off&#8221; url_new_window=&#8221;on&#8221;]linkedin[\/et_pb_social_media_follow_network][et_pb_social_media_follow_network social_network=&#8221;youtube&#8221; url=&#8221;https:\/\/www.youtube.com\/user\/EFFECTUSTV&#8221; _builder_version=&#8221;4.16&#8243; _module_preset=&#8221;default&#8221; background_color=&#8221;#a82400&#8243; global_colors_info=&#8221;{}&#8221; follow_button=&#8221;off&#8221; url_new_window=&#8221;on&#8221;]youtube[\/et_pb_social_media_follow_network][\/et_pb_social_media_follow][\/et_pb_column][\/et_pb_row][\/et_pb_section]<\/p>\n","protected":false},"excerpt":{"rendered":"<p>The Call for Applications for student admission to study programs in the academic year 2026\/2027 has been published: &nbsp; PROFESSIONAL SHORT STUDY PROGRAM Name: Professional Short Study ProgramName: Professional Short Study Program in Entrepreneurship Professional title awarded: Associate in Economics (pristup.oec.) Duration: 2 years, 4 semestersECTS credits: 120 &nbsp; PROFESSIONAL UNDERGRADUATE STUDY PROGRAM Name: Professional [&hellip;]<\/p>\n","protected":false},"author":14,"featured_media":265054,"comment_status":"closed","ping_status":"closed","sticky":false,"template":"","format":"standard","meta":{"_et_pb_use_builder":"on","_et_pb_old_content":"","_et_gb_content_width":"","footnotes":""},"categories":[71,70,41],"tags":[],"yoast_head":"<!-- This site is optimized with the Yoast SEO plugin v22.7 - https:\/\/yoast.com\/wordpress\/plugins\/seo\/ -->\n<title>Call for Applications for Student Admission to Study Programs in the Academic Year 2026\/2027 has been published. - EFFECTUS veleu\u010dili\u0161te<\/title>\n<meta name=\"robots\" content=\"index, follow, max-snippet:-1, max-image-preview:large, max-video-preview:-1\" \/>\n<link rel=\"canonical\" href=\"https:\/\/effectus.com.hr\/objavljen-natjecaj-za-upis-studenata-na-studije-u-akademskoj-godini-2026-2027\/\" \/>\n<meta property=\"og:locale\" content=\"en_US\" \/>\n<meta property=\"og:type\" content=\"article\" \/>\n<meta property=\"og:title\" content=\"Call for Applications for Student Admission to Study Programs in the Academic Year 2026\/2027 has been published. - EFFECTUS veleu\u010dili\u0161te\" \/>\n<meta property=\"og:description\" content=\"The Call for Applications for student admission to study programs in the academic year 2026\/2027 has been published: &nbsp; PROFESSIONAL SHORT STUDY PROGRAM Name: Professional Short Study ProgramName: Professional Short Study Program in Entrepreneurship Professional title awarded: Associate in Economics (pristup.oec.) Duration: 2 years, 4 semestersECTS credits: 120 &nbsp; PROFESSIONAL UNDERGRADUATE STUDY PROGRAM Name: Professional [&hellip;]\" \/>\n<meta property=\"og:url\" content=\"https:\/\/effectus.com.hr\/objavljen-natjecaj-za-upis-studenata-na-studije-u-akademskoj-godini-2026-2027\/\" \/>\n<meta property=\"og:site_name\" content=\"EFFECTUS veleu\u010dili\u0161te\" \/>\n<meta property=\"article:published_time\" content=\"2026-04-30T12:41:00+00:00\" \/>\n<meta property=\"article:modified_time\" content=\"2026-04-30T12:53:42+00:00\" \/>\n<meta property=\"og:image\" content=\"https:\/\/effectus.com.hr\/wp-content\/uploads\/2026\/04\/DSC02547-scaled.jpg\" \/>\n\t<meta property=\"og:image:width\" content=\"2560\" \/>\n\t<meta property=\"og:image:height\" content=\"1472\" \/>\n\t<meta property=\"og:image:type\" content=\"image\/jpeg\" \/>\n<meta name=\"author\" content=\"Klara Dumbovi\u0107\" \/>\n<meta name=\"twitter:card\" content=\"summary_large_image\" \/>\n<meta name=\"twitter:label1\" content=\"Written by\" \/>\n\t<meta name=\"twitter:data1\" content=\"Klara Dumbovi\u0107\" \/>\n\t<meta name=\"twitter:label2\" content=\"Est. reading time\" \/>\n\t<meta name=\"twitter:data2\" content=\"2 minutes\" \/>\n<script type=\"application\/ld+json\" class=\"yoast-schema-graph\">{\"@context\":\"https:\/\/schema.org\",\"@graph\":[{\"@type\":\"WebPage\",\"@id\":\"https:\/\/effectus.com.hr\/objavljen-natjecaj-za-upis-studenata-na-studije-u-akademskoj-godini-2026-2027\/\",\"url\":\"https:\/\/effectus.com.hr\/objavljen-natjecaj-za-upis-studenata-na-studije-u-akademskoj-godini-2026-2027\/\",\"name\":\"Call for Applications for Student Admission to Study Programs in the Academic Year 2026\/2027 has been published. - EFFECTUS veleu\u010dili\u0161te\",\"isPartOf\":{\"@id\":\"https:\/\/effectus.com.hr\/#website\"},\"primaryImageOfPage\":{\"@id\":\"https:\/\/effectus.com.hr\/objavljen-natjecaj-za-upis-studenata-na-studije-u-akademskoj-godini-2026-2027\/#primaryimage\"},\"image\":{\"@id\":\"https:\/\/effectus.com.hr\/objavljen-natjecaj-za-upis-studenata-na-studije-u-akademskoj-godini-2026-2027\/#primaryimage\"},\"thumbnailUrl\":\"https:\/\/effectus.com.hr\/wp-content\/uploads\/2026\/04\/DSC02547-scaled.jpg\",\"datePublished\":\"2026-04-30T12:41:00+00:00\",\"dateModified\":\"2026-04-30T12:53:42+00:00\",\"author\":{\"@id\":\"https:\/\/effectus.com.hr\/#\/schema\/person\/e3d600b3d55633e6ff0d3d8ee76cca57\"},\"breadcrumb\":{\"@id\":\"https:\/\/effectus.com.hr\/objavljen-natjecaj-za-upis-studenata-na-studije-u-akademskoj-godini-2026-2027\/#breadcrumb\"},\"inLanguage\":\"en-US\",\"potentialAction\":[{\"@type\":\"ReadAction\",\"target\":[\"https:\/\/effectus.com.hr\/objavljen-natjecaj-za-upis-studenata-na-studije-u-akademskoj-godini-2026-2027\/\"]}]},{\"@type\":\"ImageObject\",\"inLanguage\":\"en-US\",\"@id\":\"https:\/\/effectus.com.hr\/objavljen-natjecaj-za-upis-studenata-na-studije-u-akademskoj-godini-2026-2027\/#primaryimage\",\"url\":\"https:\/\/effectus.com.hr\/wp-content\/uploads\/2026\/04\/DSC02547-scaled.jpg\",\"contentUrl\":\"https:\/\/effectus.com.hr\/wp-content\/uploads\/2026\/04\/DSC02547-scaled.jpg\",\"width\":2560,\"height\":1472},{\"@type\":\"BreadcrumbList\",\"@id\":\"https:\/\/effectus.com.hr\/objavljen-natjecaj-za-upis-studenata-na-studije-u-akademskoj-godini-2026-2027\/#breadcrumb\",\"itemListElement\":[{\"@type\":\"ListItem\",\"position\":1,\"name\":\"Po\u010detna\",\"item\":\"https:\/\/effectus.com.hr\/en\/\"},{\"@type\":\"ListItem\",\"position\":2,\"name\":\"Call for Applications for Student Admission to Study Programs in the Academic Year 2026\/2027 has been published.\"}]},{\"@type\":\"WebSite\",\"@id\":\"https:\/\/effectus.com.hr\/#website\",\"url\":\"https:\/\/effectus.com.hr\/\",\"name\":\"EFFECTUS veleu\u010dili\u0161te\",\"description\":\"\",\"potentialAction\":[{\"@type\":\"SearchAction\",\"target\":{\"@type\":\"EntryPoint\",\"urlTemplate\":\"https:\/\/effectus.com.hr\/?s={search_term_string}\"},\"query-input\":\"required name=search_term_string\"}],\"inLanguage\":\"en-US\"},{\"@type\":\"Person\",\"@id\":\"https:\/\/effectus.com.hr\/#\/schema\/person\/e3d600b3d55633e6ff0d3d8ee76cca57\",\"name\":\"Klara Dumbovi\u0107\",\"image\":{\"@type\":\"ImageObject\",\"inLanguage\":\"en-US\",\"@id\":\"https:\/\/effectus.com.hr\/#\/schema\/person\/image\/\",\"url\":\"https:\/\/secure.gravatar.com\/avatar\/9d3729bae98d5a1ea4ec81999dfc6e13?s=96&d=mm&r=g\",\"contentUrl\":\"https:\/\/secure.gravatar.com\/avatar\/9d3729bae98d5a1ea4ec81999dfc6e13?s=96&d=mm&r=g\",\"caption\":\"Klara Dumbovi\u0107\"},\"url\":\"https:\/\/effectus.com.hr\/en\/author\/kdumbovic\/\"}]}<\/script>\n<!-- \/ Yoast SEO plugin. -->","yoast_head_json":{"title":"Call for Applications for Student Admission to Study Programs in the Academic Year 2026\/2027 has been published. - EFFECTUS veleu\u010dili\u0161te","robots":{"index":"index","follow":"follow","max-snippet":"max-snippet:-1","max-image-preview":"max-image-preview:large","max-video-preview":"max-video-preview:-1"},"canonical":"https:\/\/effectus.com.hr\/objavljen-natjecaj-za-upis-studenata-na-studije-u-akademskoj-godini-2026-2027\/","og_locale":"en_US","og_type":"article","og_title":"Call for Applications for Student Admission to Study Programs in the Academic Year 2026\/2027 has been published. - EFFECTUS veleu\u010dili\u0161te","og_description":"The Call for Applications for student admission to study programs in the academic year 2026\/2027 has been published: &nbsp; PROFESSIONAL SHORT STUDY PROGRAM Name: Professional Short Study ProgramName: Professional Short Study Program in Entrepreneurship Professional title awarded: Associate in Economics (pristup.oec.) Duration: 2 years, 4 semestersECTS credits: 120 &nbsp; PROFESSIONAL UNDERGRADUATE STUDY PROGRAM Name: Professional [&hellip;]","og_url":"https:\/\/effectus.com.hr\/objavljen-natjecaj-za-upis-studenata-na-studije-u-akademskoj-godini-2026-2027\/","og_site_name":"EFFECTUS veleu\u010dili\u0161te","article_published_time":"2026-04-30T12:41:00+00:00","article_modified_time":"2026-04-30T12:53:42+00:00","og_image":[{"width":2560,"height":1472,"url":"https:\/\/effectus.com.hr\/wp-content\/uploads\/2026\/04\/DSC02547-scaled.jpg","type":"image\/jpeg"}],"author":"Klara Dumbovi\u0107","twitter_card":"summary_large_image","twitter_misc":{"Written by":"Klara Dumbovi\u0107","Est. reading time":"2 minutes"},"schema":{"@context":"https:\/\/schema.org","@graph":[{"@type":"WebPage","@id":"https:\/\/effectus.com.hr\/objavljen-natjecaj-za-upis-studenata-na-studije-u-akademskoj-godini-2026-2027\/","url":"https:\/\/effectus.com.hr\/objavljen-natjecaj-za-upis-studenata-na-studije-u-akademskoj-godini-2026-2027\/","name":"Call for Applications for Student Admission to Study Programs in the Academic Year 2026\/2027 has been published. - EFFECTUS veleu\u010dili\u0161te","isPartOf":{"@id":"https:\/\/effectus.com.hr\/#website"},"primaryImageOfPage":{"@id":"https:\/\/effectus.com.hr\/objavljen-natjecaj-za-upis-studenata-na-studije-u-akademskoj-godini-2026-2027\/#primaryimage"},"image":{"@id":"https:\/\/effectus.com.hr\/objavljen-natjecaj-za-upis-studenata-na-studije-u-akademskoj-godini-2026-2027\/#primaryimage"},"thumbnailUrl":"https:\/\/effectus.com.hr\/wp-content\/uploads\/2026\/04\/DSC02547-scaled.jpg","datePublished":"2026-04-30T12:41:00+00:00","dateModified":"2026-04-30T12:53:42+00:00","author":{"@id":"https:\/\/effectus.com.hr\/#\/schema\/person\/e3d600b3d55633e6ff0d3d8ee76cca57"},"breadcrumb":{"@id":"https:\/\/effectus.com.hr\/objavljen-natjecaj-za-upis-studenata-na-studije-u-akademskoj-godini-2026-2027\/#breadcrumb"},"inLanguage":"en-US","potentialAction":[{"@type":"ReadAction","target":["https:\/\/effectus.com.hr\/objavljen-natjecaj-za-upis-studenata-na-studije-u-akademskoj-godini-2026-2027\/"]}]},{"@type":"ImageObject","inLanguage":"en-US","@id":"https:\/\/effectus.com.hr\/objavljen-natjecaj-za-upis-studenata-na-studije-u-akademskoj-godini-2026-2027\/#primaryimage","url":"https:\/\/effectus.com.hr\/wp-content\/uploads\/2026\/04\/DSC02547-scaled.jpg","contentUrl":"https:\/\/effectus.com.hr\/wp-content\/uploads\/2026\/04\/DSC02547-scaled.jpg","width":2560,"height":1472},{"@type":"BreadcrumbList","@id":"https:\/\/effectus.com.hr\/objavljen-natjecaj-za-upis-studenata-na-studije-u-akademskoj-godini-2026-2027\/#breadcrumb","itemListElement":[{"@type":"ListItem","position":1,"name":"Po\u010detna","item":"https:\/\/effectus.com.hr\/en\/"},{"@type":"ListItem","position":2,"name":"Call for Applications for Student Admission to Study Programs in the Academic Year 2026\/2027 has been published."}]},{"@type":"WebSite","@id":"https:\/\/effectus.com.hr\/#website","url":"https:\/\/effectus.com.hr\/","name":"EFFECTUS veleu\u010dili\u0161te","description":"","potentialAction":[{"@type":"SearchAction","target":{"@type":"EntryPoint","urlTemplate":"https:\/\/effectus.com.hr\/?s={search_term_string}"},"query-input":"required name=search_term_string"}],"inLanguage":"en-US"},{"@type":"Person","@id":"https:\/\/effectus.com.hr\/#\/schema\/person\/e3d600b3d55633e6ff0d3d8ee76cca57","name":"Klara Dumbovi\u0107","image":{"@type":"ImageObject","inLanguage":"en-US","@id":"https:\/\/effectus.com.hr\/#\/schema\/person\/image\/","url":"https:\/\/secure.gravatar.com\/avatar\/9d3729bae98d5a1ea4ec81999dfc6e13?s=96&d=mm&r=g","contentUrl":"https:\/\/secure.gravatar.com\/avatar\/9d3729bae98d5a1ea4ec81999dfc6e13?s=96&d=mm&r=g","caption":"Klara Dumbovi\u0107"},"url":"https:\/\/effectus.com.hr\/en\/author\/kdumbovic\/"}]}},"_links":{"self":[{"href":"https:\/\/effectus.com.hr\/en\/wp-json\/wp\/v2\/posts\/265055"}],"collection":[{"href":"https:\/\/effectus.com.hr\/en\/wp-json\/wp\/v2\/posts"}],"about":[{"href":"https:\/\/effectus.com.hr\/en\/wp-json\/wp\/v2\/types\/post"}],"author":[{"embeddable":true,"href":"https:\/\/effectus.com.hr\/en\/wp-json\/wp\/v2\/users\/14"}],"replies":[{"embeddable":true,"href":"https:\/\/effectus.com.hr\/en\/wp-json\/wp\/v2\/comments?post=265055"}],"version-history":[{"count":3,"href":"https:\/\/effectus.com.hr\/en\/wp-json\/wp\/v2\/posts\/265055\/revisions"}],"predecessor-version":[{"id":265061,"href":"https:\/\/effectus.com.hr\/en\/wp-json\/wp\/v2\/posts\/265055\/revisions\/265061"}],"wp:featuredmedia":[{"embeddable":true,"href":"https:\/\/effectus.com.hr\/en\/wp-json\/wp\/v2\/media\/265054"}],"wp:attachment":[{"href":"https:\/\/effectus.com.hr\/en\/wp-json\/wp\/v2\/media?parent=265055"}],"wp:term":[{"taxonomy":"category","embeddable":true,"href":"https:\/\/effectus.com.hr\/en\/wp-json\/wp\/v2\/categories?post=265055"},{"taxonomy":"post_tag","embeddable":true,"href":"https:\/\/effectus.com.hr\/en\/wp-json\/wp\/v2\/tags?post=265055"}],"curies":[{"name":"wp","href":"https:\/\/api.w.org\/{rel}","templated":true}]}}